{"id":69436,"date":"2024-03-18T07:12:32","date_gmt":"2024-03-18T13:12:32","guid":{"rendered":"https:\/\/mickyandoniehn.com\/radio\/2024\/03\/18\/honduras-en-la-historia-18-de-marzo-de-1926-se-crea-el-municipio-de-la-trinidad-en-el-departamento-de-santa-barbara\/"},"modified":"2024-03-18T07:12:32","modified_gmt":"2024-03-18T13:12:32","slug":"honduras-en-la-historia-18-de-marzo-de-1926-se-crea-el-municipio-de-la-trinidad-en-el-departamento-de-santa-barbara","status":"publish","type":"post","link":"https:\/\/mickyandoniehn.com\/radio\/2024\/03\/18\/honduras-en-la-historia-18-de-marzo-de-1926-se-crea-el-municipio-de-la-trinidad-en-el-departamento-de-santa-barbara\/","title":{"rendered":"Honduras en la Historia: 18 de marzo de 1926, se crea el municipio de La Trinidad en el departamento de Santa B\u00e1rbara"},"content":{"rendered":"<\/p>\n<div>18 DE MARZO DE 1926 SE CREA EL MUNICIPIO DE LA TRINIDAD EN EL DEPARTAMENTO DE SANTA BARBARA<\/div>\n<div><\/div>\n<div>Fecha de Creaci\u00f3n<\/div>\n<div>Fue fundado en 1794, ese mismo a\u00f1o el 14 de mayo se instal\u00f3 la primera Municipalidad, le dieron categor\u00eda de ciudad el 18 de marzo de 1926.<\/div>\n<div>Historia de Fundaci\u00f3n<\/div>\n<div>Seg\u00fan la historia tradicional, sus primeros pobladores preven\u00edan de Chiquimula (Guatemala) y se establecieron en un peque\u00f1o valle conocido como La Trinidad, dependiente del partido de Chinda. El 13 de marzo de 1794 se constituy\u00f3 como municipio, como lo manifiesta el anuario estad\u00edstico de Antonio Vallejo en 1889. El 18 de marzo de 1926 se le dio categor\u00eda de la ciudad.<\/div>\n<div>Significado de su Nombre<\/div>\n<div>Su nombre es de car\u00e1cter religioso; se debe el mismo en honor a la Sant\u00edsima Trinidad.<\/div>\n<div><\/div><\/p>\n","protected":false},"excerpt":{"rendered":"<p>18 DE MARZO DE 1926 SE CREA EL MUNICIPIO DE LA TRINIDAD EN EL DEPARTAMENTO DE SANTA BARBARA Fecha de Creaci\u00f3n Fue fundado en 1794, ese mismo a\u00f1o el 14 de mayo se instal\u00f3 la primera Municipalidad, le dieron categor\u00eda de ciudad el 18 de marzo de 1926. Historia de Fundaci\u00f3n Seg\u00fan la historia tradicional, &hellip;<\/p>\n","protected":false},"author":0,"featured_media":69437,"comment_status":"open","ping_status":"open","sticky":false,"template":"","format":"standard","meta":{"_jetpack_memberships_contains_paid_content":false,"footnotes":""},"categories":[5],"tags":[],"class_list":["post-69436","post","type-post","status-publish","format-standard","has-post-thumbnail","","category-noticias"],"jetpack_sharing_enabled":true,"jetpack_featured_media_url":"https:\/\/mickyandoniehn.com\/radio\/wp-content\/uploads\/2024\/03\/Diapositiva1-22-1-tNUQxQ.png","_links":{"self":[{"href":"https:\/\/mickyandoniehn.com\/radio\/wp-json\/wp\/v2\/posts\/69436","targetHints":{"allow":["GET"]}}],"collection":[{"href":"https:\/\/mickyandoniehn.com\/radio\/wp-json\/wp\/v2\/posts"}],"about":[{"href":"https:\/\/mickyandoniehn.com\/radio\/wp-json\/wp\/v2\/types\/post"}],"replies":[{"embeddable":true,"href":"https:\/\/mickyandoniehn.com\/radio\/wp-json\/wp\/v2\/comments?post=69436"}],"version-history":[{"count":0,"href":"https:\/\/mickyandoniehn.com\/radio\/wp-json\/wp\/v2\/posts\/69436\/revisions"}],"wp:featuredmedia":[{"embeddable":true,"href":"https:\/\/mickyandoniehn.com\/radio\/wp-json\/wp\/v2\/media\/69437"}],"wp:attachment":[{"href":"https:\/\/mickyandoniehn.com\/radio\/wp-json\/wp\/v2\/media?parent=69436"}],"wp:term":[{"taxonomy":"category","embeddable":true,"href":"https:\/\/mickyandoniehn.com\/radio\/wp-json\/wp\/v2\/categories?post=69436"},{"taxonomy":"post_tag","embeddable":true,"href":"https:\/\/mickyandoniehn.com\/radio\/wp-json\/wp\/v2\/tags?post=69436"}],"curies":[{"name":"wp","href":"https:\/\/api.w.org\/{rel}","templated":true}]}}