{"id":69308,"date":"2024-03-14T15:12:31","date_gmt":"2024-03-14T21:12:31","guid":{"rendered":"https:\/\/mickyandoniehn.com\/radio\/2024\/03\/14\/ina-entrega-mas-de-600-titulos-de-propiedad-a-campesinos\/"},"modified":"2024-03-14T15:12:31","modified_gmt":"2024-03-14T21:12:31","slug":"ina-entrega-mas-de-600-titulos-de-propiedad-a-campesinos","status":"publish","type":"post","link":"https:\/\/mickyandoniehn.com\/radio\/2024\/03\/14\/ina-entrega-mas-de-600-titulos-de-propiedad-a-campesinos\/","title":{"rendered":"INA entrega m\u00e1s de 600 t\u00edtulos de propiedad a campesinos"},"content":{"rendered":"<\/p>\n<p><strong>Tegucigalpa. 14.03.2024<\/strong><\/p>\n<p class=\"mb-6\">Entre el 2023 y lo que va de 2024, el Instituto Nacional Agrario (INA), a trav\u00e9s de la regional del departamento de Cop\u00e1n, entreg\u00f3 600 t\u00edtulos de propiedad a igual n\u00famero de campesinos, inform\u00f3 el titular de la instituci\u00f3n en esa zona, Jimmy Sanabria.<\/p>\n<p class=\"mb-6\">De igual manera, en Choluteca, el titular Salvador Ag\u00fcero entreg\u00f3 24 t\u00edtulos independientes a los campesinos y cuatro t\u00edtulos al sector reformado, cuyos miembros lloraron de emoci\u00f3n luego de m\u00e1s de una d\u00e9cada de espera.<\/p>\n<p class=\"mb-6\">Por otra parte, el jefe regional del INA, Julio Contreras, espera afluencia de campesinos para hacer entrega de personer\u00edas jur\u00eddicas este 15 de marzo, en la Regional de La Ceiba y desde ya est\u00e1n en preparativos.<\/p>\n<p class=\"mb-6\">Por su parte, Juan Carlos Zelaya y todo su equipo de trabajo, presidieron el solemne acto en favor de los campesinos, a quienes har\u00e1n entrega en los pr\u00f3ximos d\u00edas de t\u00edtulos definitivos de propiedad, actividad que se llevar\u00e1 a cabo este 22 de marzo en el Bajo Agu\u00e1n.<\/p>\n<p class=\"mb-6\">Estas actividades se est\u00e1n gestionando en el marco del proceso de refundaci\u00f3n del agro y siguiendo el mandato de la Presidenta Xiomara Castro y buscando la refundaci\u00f3n para el agro, explic\u00f3.<\/p>\n<p>Los agricultores beneficiados se mostraron satisfechos pues seg\u00fan dijeron esperaron a\u00f1os para recibir los tan ansiados t\u00edtulos.<\/p>\n<p>Fuente: latribuna.hn<\/p>\n","protected":false},"excerpt":{"rendered":"<p>Tegucigalpa. 14.03.2024 Entre el 2023 y lo que va de 2024, el Instituto Nacional Agrario (INA), a trav\u00e9s de la regional del departamento de Cop\u00e1n, entreg\u00f3 600 t\u00edtulos de propiedad a igual n\u00famero de campesinos, inform\u00f3 el titular de la instituci\u00f3n en esa zona, Jimmy Sanabria. De igual manera, en Choluteca, el titular Salvador Ag\u00fcero &hellip;<\/p>\n","protected":false},"author":0,"featured_media":69309,"comment_status":"open","ping_status":"open","sticky":false,"template":"","format":"standard","meta":{"_jetpack_memberships_contains_paid_content":false,"footnotes":""},"categories":[5],"tags":[],"class_list":["post-69308","post","type-post","status-publish","format-standard","has-post-thumbnail","","category-noticias"],"jetpack_sharing_enabled":true,"jetpack_featured_media_url":"https:\/\/mickyandoniehn.com\/radio\/wp-content\/uploads\/2024\/03\/TITULO1-zQcu0K.jpeg","_links":{"self":[{"href":"https:\/\/mickyandoniehn.com\/radio\/wp-json\/wp\/v2\/posts\/69308","targetHints":{"allow":["GET"]}}],"collection":[{"href":"https:\/\/mickyandoniehn.com\/radio\/wp-json\/wp\/v2\/posts"}],"about":[{"href":"https:\/\/mickyandoniehn.com\/radio\/wp-json\/wp\/v2\/types\/post"}],"replies":[{"embeddable":true,"href":"https:\/\/mickyandoniehn.com\/radio\/wp-json\/wp\/v2\/comments?post=69308"}],"version-history":[{"count":0,"href":"https:\/\/mickyandoniehn.com\/radio\/wp-json\/wp\/v2\/posts\/69308\/revisions"}],"wp:featuredmedia":[{"embeddable":true,"href":"https:\/\/mickyandoniehn.com\/radio\/wp-json\/wp\/v2\/media\/69309"}],"wp:attachment":[{"href":"https:\/\/mickyandoniehn.com\/radio\/wp-json\/wp\/v2\/media?parent=69308"}],"wp:term":[{"taxonomy":"category","embeddable":true,"href":"https:\/\/mickyandoniehn.com\/radio\/wp-json\/wp\/v2\/categories?post=69308"},{"taxonomy":"post_tag","embeddable":true,"href":"https:\/\/mickyandoniehn.com\/radio\/wp-json\/wp\/v2\/tags?post=69308"}],"curies":[{"name":"wp","href":"https:\/\/api.w.org\/{rel}","templated":true}]}}