{"id":69036,"date":"2024-03-12T07:12:33","date_gmt":"2024-03-12T13:12:33","guid":{"rendered":"http:\/\/mickyandoniehn.com\/radio\/2024\/03\/12\/honduras-en-la-historia-12-de-marzo-de-1954-se-crea-el-decreto-144-83-codigo-penal-fecha-de-publicacion-11-mar-2024\/"},"modified":"2024-03-12T07:12:33","modified_gmt":"2024-03-12T13:12:33","slug":"honduras-en-la-historia-12-de-marzo-de-1954-se-crea-el-decreto-144-83-codigo-penal-fecha-de-publicacion-11-mar-2024","status":"publish","type":"post","link":"https:\/\/mickyandoniehn.com\/radio\/2024\/03\/12\/honduras-en-la-historia-12-de-marzo-de-1954-se-crea-el-decreto-144-83-codigo-penal-fecha-de-publicacion-11-mar-2024\/","title":{"rendered":"Honduras en la Historia: 12 de marzo de 1954, se crea el Decreto 144-83 Codigo Penal Fecha de publicaci\u00f3n: 11 mar 2024"},"content":{"rendered":"<\/p>\n<div class=\"xdj266r x11i5rnm xat24cr x1mh8g0r x1vvkbs x126k92a\">\n<div>Art\u00edculo 1. Nadie ser\u00e1 penado por infracciones que no est\u00e9n determinadas en una Ley anterior a la perpetraci\u00f3n de un delito.<\/div>\n<\/div>\n<div class=\"x11i5rnm xat24cr x1mh8g0r x1vvkbs xtlvy1s x126k92a\">\n<div>Art\u00edculo 2. No se impondr\u00e1n otras penas ni medidas de seguridad que las establecidas previamente por la Ley.<\/div>\n<\/div>\n<div class=\"x11i5rnm xat24cr x1mh8g0r x1vvkbs xtlvy1s x126k92a\">\n<div>Art\u00edculo 2- A. Las acciones u omisiones susceptibles de ser calificadas con arreglos a dos (2) o m\u00e1s preceptos de este C\u00f3digo se sancionar\u00e1n observando las reglas siguientes: 1) El precepto especial se aplicar\u00e1 con preferencia al precepto general; 2) El precepto subsidiario se aplicar\u00e1 en defecto del principal cuando se declare expresamente dicha subsidiaridad o ella figure en forma t\u00e1cita; y, 3) El precepto penal complejo absorber\u00e1 a los que sancionan las infracciones consumidas en aqu\u00e9l.<\/div>\n<\/div>\n<div class=\"x11i5rnm xat24cr x1mh8g0r x1vvkbs xtlvy1s x126k92a\">\n<div>Art\u00edculo 2.-B. Toda persona a quien se atribuya un delito o falta tiene derecho a ser tratada con el respeto debido a la dignidad inherente al ser humano. No podr\u00e1n, en consecuencia, imponerse penas o medidas de seguridad que impliquen tratos inhumanos o degradantes. 1 C\u00f3digo Penal Publicado en el Diario Oficial La Gaceta No.24,264 de fecha 12 de marzo de 1984 y vigente a partir del 12 de marzo de 1985<\/div>\n<\/div>\n","protected":false},"excerpt":{"rendered":"<p>Art\u00edculo 1. Nadie ser\u00e1 penado por infracciones que no est\u00e9n determinadas en una Ley anterior a la perpetraci\u00f3n de un delito. Art\u00edculo 2. No se impondr\u00e1n otras penas ni medidas de seguridad que las establecidas previamente por la Ley. Art\u00edculo 2- A. Las acciones u omisiones susceptibles de ser calificadas con arreglos a dos (2) &hellip;<\/p>\n","protected":false},"author":0,"featured_media":69037,"comment_status":"open","ping_status":"open","sticky":false,"template":"","format":"standard","meta":{"_jetpack_memberships_contains_paid_content":false,"footnotes":""},"categories":[5],"tags":[],"class_list":["post-69036","post","type-post","status-publish","format-standard","has-post-thumbnail","","category-noticias"],"jetpack_sharing_enabled":true,"jetpack_featured_media_url":"https:\/\/mickyandoniehn.com\/radio\/wp-content\/uploads\/2024\/03\/Diapositiva1-6-EwhlN4.png","_links":{"self":[{"href":"https:\/\/mickyandoniehn.com\/radio\/wp-json\/wp\/v2\/posts\/69036","targetHints":{"allow":["GET"]}}],"collection":[{"href":"https:\/\/mickyandoniehn.com\/radio\/wp-json\/wp\/v2\/posts"}],"about":[{"href":"https:\/\/mickyandoniehn.com\/radio\/wp-json\/wp\/v2\/types\/post"}],"replies":[{"embeddable":true,"href":"https:\/\/mickyandoniehn.com\/radio\/wp-json\/wp\/v2\/comments?post=69036"}],"version-history":[{"count":0,"href":"https:\/\/mickyandoniehn.com\/radio\/wp-json\/wp\/v2\/posts\/69036\/revisions"}],"wp:featuredmedia":[{"embeddable":true,"href":"https:\/\/mickyandoniehn.com\/radio\/wp-json\/wp\/v2\/media\/69037"}],"wp:attachment":[{"href":"https:\/\/mickyandoniehn.com\/radio\/wp-json\/wp\/v2\/media?parent=69036"}],"wp:term":[{"taxonomy":"category","embeddable":true,"href":"https:\/\/mickyandoniehn.com\/radio\/wp-json\/wp\/v2\/categories?post=69036"},{"taxonomy":"post_tag","embeddable":true,"href":"https:\/\/mickyandoniehn.com\/radio\/wp-json\/wp\/v2\/tags?post=69036"}],"curies":[{"name":"wp","href":"https:\/\/api.w.org\/{rel}","templated":true}]}}