{"id":69034,"date":"2024-03-11T23:12:43","date_gmt":"2024-03-12T05:12:43","guid":{"rendered":"http:\/\/mickyandoniehn.com\/radio\/2024\/03\/11\/triunfo-arrasador-de-alejandro-tugliani-en-elecciones-del-capitulo-de-abogados-en-roatan\/"},"modified":"2024-03-11T23:12:43","modified_gmt":"2024-03-12T05:12:43","slug":"triunfo-arrasador-de-alejandro-tugliani-en-elecciones-del-capitulo-de-abogados-en-roatan","status":"publish","type":"post","link":"https:\/\/mickyandoniehn.com\/radio\/2024\/03\/11\/triunfo-arrasador-de-alejandro-tugliani-en-elecciones-del-capitulo-de-abogados-en-roatan\/","title":{"rendered":"Triunfo arrasador de Alejandro Tugliani en elecciones del Cap\u00edtulo de Abogados en Roat\u00e1n"},"content":{"rendered":"<\/p>\n<p>En las recientes elecciones del Cap\u00edtulo de Abogados en Roat\u00e1n, Alejandro Tugliani emergi\u00f3 como presidente reelecto, asegurando la victoria con un s\u00f3lido respaldo de 131 votos. Tugliani, representante del movimiento Patria y Justicia, super\u00f3 significativamente a su oponente Breisy Banegas, quien obtuvo 64 votos.<\/p>\n<div class=\"wp-block-image\">\n<\/div>\n<p>Asimismo, en la contienda por el Tribunal de Honor, la abogada Ana Cardona, tambi\u00e9n del movimiento Patria y Justicia, asegur\u00f3 su puesto con 132 votos, superando ampliamente a Desaire Flores, quien recibi\u00f3 63 votos.<\/p>\n<p>En declaraciones a Diario Roat\u00e1n, Alejandro Tugliani expres\u00f3 su compromiso de continuar trabajando y mejorar en su primer periodo como presidente. Agradeci\u00f3 el apoyo recibido y destac\u00f3 la importancia de la victoria democr\u00e1tica en Roat\u00e1n.<\/p>\n<p>Por su parte, Banegas mostr\u00f3 satisfacci\u00f3n por el desempe\u00f1o de su campa\u00f1a, resaltando la formaci\u00f3n de una alianza con tres frentes anteriormente marginados. Manifest\u00f3 su optimismo de cara a futuras elecciones, bas\u00e1ndose en el apoyo recibido durante la preparaci\u00f3n de dos meses.<\/p>\n<p>A nivel central, el movimiento\u00a0<a href=\"https:\/\/www.facebook.com\/p\/Frente-Patria-y-Justicia-100046867537547\/\">Patria y Justicia<\/a>\u00a0tambi\u00e9n celebr\u00f3 la victoria, asegurando la reelecci\u00f3n del Abogado Gustavo Solorzano con 117 votos, superando a su contrincante Karla Alegr\u00eda, quien obtuvo 76 votos.<\/p>\n","protected":false},"excerpt":{"rendered":"<p>En las recientes elecciones del Cap\u00edtulo de Abogados en Roat\u00e1n, Alejandro Tugliani emergi\u00f3 como presidente reelecto, asegurando la victoria con un s\u00f3lido respaldo de 131 votos. Tugliani, representante del movimiento Patria y Justicia, super\u00f3 significativamente a su oponente Breisy Banegas, quien obtuvo 64 votos. Asimismo, en la contienda por el Tribunal de Honor, la abogada &hellip;<\/p>\n","protected":false},"author":0,"featured_media":69035,"comment_status":"open","ping_status":"open","sticky":false,"template":"","format":"standard","meta":{"_jetpack_memberships_contains_paid_content":false,"footnotes":""},"categories":[5],"tags":[],"class_list":["post-69034","post","type-post","status-publish","format-standard","has-post-thumbnail","","category-noticias"],"jetpack_sharing_enabled":true,"jetpack_featured_media_url":"https:\/\/mickyandoniehn.com\/radio\/wp-content\/uploads\/2024\/03\/Imagen-de-WhatsApp-2024-03-10-a-las-06.41.04_b592f062-750x430-tr2qio.jpeg","_links":{"self":[{"href":"https:\/\/mickyandoniehn.com\/radio\/wp-json\/wp\/v2\/posts\/69034","targetHints":{"allow":["GET"]}}],"collection":[{"href":"https:\/\/mickyandoniehn.com\/radio\/wp-json\/wp\/v2\/posts"}],"about":[{"href":"https:\/\/mickyandoniehn.com\/radio\/wp-json\/wp\/v2\/types\/post"}],"replies":[{"embeddable":true,"href":"https:\/\/mickyandoniehn.com\/radio\/wp-json\/wp\/v2\/comments?post=69034"}],"version-history":[{"count":0,"href":"https:\/\/mickyandoniehn.com\/radio\/wp-json\/wp\/v2\/posts\/69034\/revisions"}],"wp:featuredmedia":[{"embeddable":true,"href":"https:\/\/mickyandoniehn.com\/radio\/wp-json\/wp\/v2\/media\/69035"}],"wp:attachment":[{"href":"https:\/\/mickyandoniehn.com\/radio\/wp-json\/wp\/v2\/media?parent=69034"}],"wp:term":[{"taxonomy":"category","embeddable":true,"href":"https:\/\/mickyandoniehn.com\/radio\/wp-json\/wp\/v2\/categories?post=69034"},{"taxonomy":"post_tag","embeddable":true,"href":"https:\/\/mickyandoniehn.com\/radio\/wp-json\/wp\/v2\/tags?post=69034"}],"curies":[{"name":"wp","href":"https:\/\/api.w.org\/{rel}","templated":true}]}}