{"id":68869,"date":"2024-03-11T16:14:14","date_gmt":"2024-03-11T22:14:14","guid":{"rendered":"http:\/\/mickyandoniehn.com\/radio\/2024\/03\/11\/emiten-un-nuevo-llamado-para-levantar-produccion-de-banano\/"},"modified":"2024-03-11T16:14:14","modified_gmt":"2024-03-11T22:14:14","slug":"emiten-un-nuevo-llamado-para-levantar-produccion-de-banano","status":"publish","type":"post","link":"https:\/\/mickyandoniehn.com\/radio\/2024\/03\/11\/emiten-un-nuevo-llamado-para-levantar-produccion-de-banano\/","title":{"rendered":"Emiten un nuevo llamado para levantar producci\u00f3n de banano"},"content":{"rendered":"<\/p>\n<p><strong>Tegucigalpa. 11.03.2024<\/strong><\/p>\n<p class=\"mb-6\">La productora de banano, Sandra Deras, emiti\u00f3 un nuevo llamado a las autoridades de gobierno para que ayuden a impulsar esta actividad econ\u00f3mica considerada en un tiempo como el \u201coro verde\u201d de Honduras por su potencial en generaci\u00f3n de empleos y divisas.<\/p>\n<p class=\"mb-6\">\u201cSe est\u00e1 perdiendo de firmar contratos importantes, bastante fuertes a nivel internacional en el tema del banano, porque los productores no est\u00e1n produciendo debido a que no hay financiamiento para levantar nuevamente el cultivo\u201d, alert\u00f3 la empresaria hondure\u00f1a.<\/p>\n<p class=\"mb-6\">\u201cOtra raz\u00f3n, debido al tema que se registra en el Canal de Panam\u00e1, el banano de Ecuador y en general de Sudam\u00e9rica no puede llegar a Estados Unidos y es necesario que Honduras tenga producci\u00f3n para poder abastecer ese mercado que est\u00e1 dejando de abastecer Sudam\u00e9rica\u201d, se\u00f1al\u00f3.<\/p>\n<p class=\"mb-6\">La fuente del sector agr\u00edcola refiri\u00f3 que debido a esa falta de financiamiento Honduras est\u00e1 perdiendo la oportunidad de posicionarse nuevamente a nivel internacional como uno de los principales productores de banano.<\/p>\n<p class=\"mb-6\">\u201cGuatemala no desaprovech\u00f3 esa oportunidad que nosotros no hemos cubierto de manera eficiente, al punto que gran parte del banano que se comercializa en Honduras, procede de Guatemala\u201d, expuso.<\/p>\n<p class=\"mb-6\">\u201cEn este momento en Honduras, de la producci\u00f3n que hab\u00eda antes del 2020 solamente se est\u00e1 produciendo entre un 20 y 25 por ciento, debido a que pr\u00e1cticamente todas las fincas han cerrado y no est\u00e1n produciendo\u201d, ampli\u00f3.<\/p>\n<p class=\"mb-6\">\u201cSe ten\u00edan alrededor de 5,000 familias empleadas en las bananeras, sin embargo, en este momento no llegamos ni siquiera a los 1,000 empleos\u201d.<\/p>\n<p>Fuente: latribuna.hn<\/p>\n","protected":false},"excerpt":{"rendered":"<p>Tegucigalpa. 11.03.2024 La productora de banano, Sandra Deras, emiti\u00f3 un nuevo llamado a las autoridades de gobierno para que ayuden a impulsar esta actividad econ\u00f3mica considerada en un tiempo como el \u201coro verde\u201d de Honduras por su potencial en generaci\u00f3n de empleos y divisas. \u201cSe est\u00e1 perdiendo de firmar contratos importantes, bastante fuertes a nivel &hellip;<\/p>\n","protected":false},"author":0,"featured_media":68870,"comment_status":"open","ping_status":"open","sticky":false,"template":"","format":"standard","meta":{"_jetpack_memberships_contains_paid_content":false,"footnotes":""},"categories":[5],"tags":[],"class_list":["post-68869","post","type-post","status-publish","format-standard","has-post-thumbnail","","category-noticias"],"jetpack_sharing_enabled":true,"jetpack_featured_media_url":"https:\/\/mickyandoniehn.com\/radio\/wp-content\/uploads\/2024\/03\/BANANO-wFeqoK.jpeg","_links":{"self":[{"href":"https:\/\/mickyandoniehn.com\/radio\/wp-json\/wp\/v2\/posts\/68869","targetHints":{"allow":["GET"]}}],"collection":[{"href":"https:\/\/mickyandoniehn.com\/radio\/wp-json\/wp\/v2\/posts"}],"about":[{"href":"https:\/\/mickyandoniehn.com\/radio\/wp-json\/wp\/v2\/types\/post"}],"replies":[{"embeddable":true,"href":"https:\/\/mickyandoniehn.com\/radio\/wp-json\/wp\/v2\/comments?post=68869"}],"version-history":[{"count":0,"href":"https:\/\/mickyandoniehn.com\/radio\/wp-json\/wp\/v2\/posts\/68869\/revisions"}],"wp:featuredmedia":[{"embeddable":true,"href":"https:\/\/mickyandoniehn.com\/radio\/wp-json\/wp\/v2\/media\/68870"}],"wp:attachment":[{"href":"https:\/\/mickyandoniehn.com\/radio\/wp-json\/wp\/v2\/media?parent=68869"}],"wp:term":[{"taxonomy":"category","embeddable":true,"href":"https:\/\/mickyandoniehn.com\/radio\/wp-json\/wp\/v2\/categories?post=68869"},{"taxonomy":"post_tag","embeddable":true,"href":"https:\/\/mickyandoniehn.com\/radio\/wp-json\/wp\/v2\/tags?post=68869"}],"curies":[{"name":"wp","href":"https:\/\/api.w.org\/{rel}","templated":true}]}}