{"id":68867,"date":"2024-03-11T15:13:23","date_gmt":"2024-03-11T21:13:23","guid":{"rendered":"http:\/\/mickyandoniehn.com\/radio\/2024\/03\/11\/donan-insumos-y-equipo-medico-a-hospital-general-del-sur\/"},"modified":"2024-03-11T15:13:23","modified_gmt":"2024-03-11T21:13:23","slug":"donan-insumos-y-equipo-medico-a-hospital-general-del-sur","status":"publish","type":"post","link":"https:\/\/mickyandoniehn.com\/radio\/2024\/03\/11\/donan-insumos-y-equipo-medico-a-hospital-general-del-sur\/","title":{"rendered":"Donan insumos y equipo m\u00e9dico a Hospital General del Sur"},"content":{"rendered":"<\/p>\n<p>\u00a0<\/p>\n<p class=\"mb-6\"><em><strong>EL PARA\u00cdSO, El Para\u00edso. 11.03.2024<\/strong><\/em><\/p>\n<p class=\"mb-6\">Una nutrida asamblea de productores de caf\u00e9 se llev\u00f3 a cabo en la ciudad de El Para\u00edso, con la presencia de diputados del Partido Nacional y Liberal a excepci\u00f3n de los dos representantes de Libre, fueron presentados los temas que tienen que ver con la incapacidad de pago de compromisos crediticios debido a la disminuci\u00f3n considerable de la cosecha, el precio injusto del quintal de caf\u00e9 que no le permite al productor recuperar sus costos y la b\u00fasqueda de un plan estrat\u00e9gico para la reactivanci\u00f3n de la producci\u00f3n en el sector cafetalero.<\/p>\n<p class=\"mb-6\">En el sal\u00f3n de usos m\u00faltiples de la alcald\u00eda municipal de El Para\u00edso, con la presencia de la alcaldesa Ligia La\u00ednez, diputados del departamento Mario Segura, Pablo Carrasco, Ram\u00f3n Carranza y Marlon Rodr\u00edguez, Walter Ch\u00e1vez y Gustavo Gonzales a excepci\u00f3n de los dos de Libre, se reunieron y escucharon el sentir de los productores de caf\u00e9 del departamento de El Para\u00edso.<\/p>\n<p class=\"mb-6\">Mario Segura, diputado por el Partido Liberal se\u00f1al\u00f3 \u201ces una presencia de productores y diputados muy importante, esto nos da a entender que el problema del sector cafetalero s\u00ed nos interesa, esperamos ver resultados esta semana, hemos dialogado con el expresidente Zelaya, la Presidenta Xiomara Castro y el presidente Redondo con quienes vamos a sostener reuniones esta semana para buscar una salida a esta problem\u00e1tica, este a\u00f1o fue una baja dr\u00e1stica en la producci\u00f3n de caf\u00e9 y por ello los productores no pudieron honrar las deudas y lo primero es mandar un mensaje claro que al productor no se le va a quitar su finca y eso se debe negociar con los bancos, luego buscar capital fresco para que ellos sigan produciendo, la Presidenta y el Congreso hemos manifestado la voluntad de buscar una salida justa para este problema\u201d.<\/p>\n<p>Los productores demandan que no se les quiten las fincas, ante la incapacidad de pago.<\/p>\n<p class=\"mb-6\">El dirigente cafetalero Fredy Pastrana expres\u00f3 el agradecimiento a las autoridades que escucharon el sentir de los productores \u201cesta es una reuni\u00f3n de suma importancia porque se le est\u00e1 buscando soluci\u00f3n a un problema de pa\u00eds, los problemas de deuda, de cr\u00e9ditos nuevos y de bajo precio del caf\u00e9 afectan a los productores de todo el pa\u00eds, lo importante es que ya tenemos cita en la capital con quienes nos pueden dar soluciones al problema crediticio, pretendemos que las deudas pasen a quince o veinte a\u00f1os y con una taza que no sea mayor de un cinco por ciento. Ya no hay tiempo para seguir esperando el tema de caf\u00e9 es de suma importancia para el pa\u00eds\u201d.<\/p>\n<p class=\"mb-6\">Por su parte, el diputado Ram\u00f3n Carranza contin\u00faa apoyando la creaci\u00f3n del Fondo de promoci\u00f3n, cultivo y comercializaci\u00f3n de Caf\u00e9s Especiales (Promocaf\u00e9s) \u201cen los pr\u00f3ximos d\u00edas tendremos el dictamen para que sea discutido en la C\u00e1mara legislativa el proyecto para impulsar el caf\u00e9 especial, reconocemos la dif\u00edcil situaci\u00f3n as\u00ed como en Cop\u00e1n donde se han declarado en calamidad y esto nos llama a la reflexi\u00f3n sobre la necesidad de una respuesta para este sector, hoy surgieron buenas ideas y compromisos que debemos honrar esta semana, haremos un abordaje integral sobre precios, fertilizantes, cadena de valor, deudas y el no remate de diferentes propiedades.<\/p>\n<p class=\"mb-6\">Queremos seguir impulsando el proyecto de caf\u00e9s especiales que consiste en la creaci\u00f3n de un fideicomiso para darle fondos al productor para que pase de caf\u00e9 normal a caf\u00e9 especial, eso indica en menor cantidad de terreno caf\u00e9 de calidad con excelente precio\u201d.<\/p>\n<p class=\"mb-6\">Durante la reuni\u00f3n tambi\u00e9n se abord\u00f3 el tema sobre el precio injusto del quintal de caf\u00e9 que no le permite al productor recuperar sus costos, la necesidad de tener un plan estrat\u00e9gico para la reactivaci\u00f3n de la producci\u00f3n, revisi\u00f3n de la gobernanza de las instituciones cafetaleras y el remanente de 247 millones del fallido Instituto de Previsi\u00f3n.<\/p>\n<p>Fuente: latribuna.hn<\/p>\n","protected":false},"excerpt":{"rendered":"<p>\u00a0 EL PARA\u00cdSO, El Para\u00edso. 11.03.2024 Una nutrida asamblea de productores de caf\u00e9 se llev\u00f3 a cabo en la ciudad de El Para\u00edso, con la presencia de diputados del Partido Nacional y Liberal a excepci\u00f3n de los dos representantes de Libre, fueron presentados los temas que tienen que ver con la incapacidad de pago de &hellip;<\/p>\n","protected":false},"author":0,"featured_media":68868,"comment_status":"open","ping_status":"open","sticky":false,"template":"","format":"standard","meta":{"_jetpack_memberships_contains_paid_content":false,"footnotes":""},"categories":[5],"tags":[],"class_list":["post-68867","post","type-post","status-publish","format-standard","has-post-thumbnail","","category-noticias"],"jetpack_sharing_enabled":true,"jetpack_featured_media_url":"https:\/\/mickyandoniehn.com\/radio\/wp-content\/uploads\/2024\/03\/2-qFvS00.jpeg","_links":{"self":[{"href":"https:\/\/mickyandoniehn.com\/radio\/wp-json\/wp\/v2\/posts\/68867","targetHints":{"allow":["GET"]}}],"collection":[{"href":"https:\/\/mickyandoniehn.com\/radio\/wp-json\/wp\/v2\/posts"}],"about":[{"href":"https:\/\/mickyandoniehn.com\/radio\/wp-json\/wp\/v2\/types\/post"}],"replies":[{"embeddable":true,"href":"https:\/\/mickyandoniehn.com\/radio\/wp-json\/wp\/v2\/comments?post=68867"}],"version-history":[{"count":0,"href":"https:\/\/mickyandoniehn.com\/radio\/wp-json\/wp\/v2\/posts\/68867\/revisions"}],"wp:featuredmedia":[{"embeddable":true,"href":"https:\/\/mickyandoniehn.com\/radio\/wp-json\/wp\/v2\/media\/68868"}],"wp:attachment":[{"href":"https:\/\/mickyandoniehn.com\/radio\/wp-json\/wp\/v2\/media?parent=68867"}],"wp:term":[{"taxonomy":"category","embeddable":true,"href":"https:\/\/mickyandoniehn.com\/radio\/wp-json\/wp\/v2\/categories?post=68867"},{"taxonomy":"post_tag","embeddable":true,"href":"https:\/\/mickyandoniehn.com\/radio\/wp-json\/wp\/v2\/tags?post=68867"}],"curies":[{"name":"wp","href":"https:\/\/api.w.org\/{rel}","templated":true}]}}