{"id":68731,"date":"2024-03-08T11:12:35","date_gmt":"2024-03-08T17:12:35","guid":{"rendered":"http:\/\/mickyandoniehn.com\/radio\/2024\/03\/08\/inicia-elaboracion-de-coloridas-alfombras-de-semana-santa\/"},"modified":"2024-03-08T11:12:35","modified_gmt":"2024-03-08T17:12:35","slug":"inicia-elaboracion-de-coloridas-alfombras-de-semana-santa","status":"publish","type":"post","link":"https:\/\/mickyandoniehn.com\/radio\/2024\/03\/08\/inicia-elaboracion-de-coloridas-alfombras-de-semana-santa\/","title":{"rendered":"Inicia elaboraci\u00f3n de coloridas alfombras de Semana Santa"},"content":{"rendered":"<\/p>\n<p>\u00a0<\/p>\n<p class=\"mb-6\"><em><strong>JUTICALPA, OLANCHO. 08.03.2024<\/strong><\/em><\/p>\n<p class=\"mb-6\">En localidades del departamento de Olancho, ya inici\u00f3 el proceso de elaboraci\u00f3n de las famosas y coloridas alfombras utilizadas para celebrar la Semana Santa, del 24 al 30 de marzo pr\u00f3ximo.<\/p>\n<p class=\"mb-6\">Habitantes de esta cabecera departamental, tienen varios d\u00edas de trabajar en los preparativos de estos dise\u00f1os que se exponen en la Semana Mayor del cristianismo.<\/p>\n<p class=\"mb-6\">Se inform\u00f3 que hay todo un equipo de ciudadanos y personal de la municipalidad de Juticalpa trabajando en la preparaci\u00f3n del aserr\u00edn, como uno de los principales componentes para las alfombras sacras que sobresalen en esa \u00e9poca donde los cristianos, sobre todo los cat\u00f3licos, conmemoran la pasi\u00f3n, muerte y resurrecci\u00f3n de nuestro Se\u00f1or Jesucristo.<\/p>\n<p>El viceministro de Educaci\u00f3n, Edwin \u201cWincho\u201d, no participar\u00eda este a\u00f1o en la elaboraci\u00f3n de alfombras en el departamento de Olancho.<\/p>\n<p class=\"mb-6\">Es decir, se dispone de todo un equipo de empleados de diversos departamentos de la alcald\u00eda de Juticalpa que trabaja a paso redoblado en la preparaci\u00f3n del aserr\u00edn, que ser\u00e1 usado en la elaboraci\u00f3n de las alfombras sacras a usarse en la Semana Mayor del cristianismo, dijo una fuente consultada.<\/p>\n<p class=\"mb-6\">Se trata de un equipo humano que trabaja a un costado de la catedral en la entrada del gimnasio juvenil Jerusal\u00e9n, frente a la plaza municipal, y tambi\u00e9n se aceptan voluntarios.<\/p>\n<p class=\"mb-6\">Las autoridades municipales agradecieron por la donaci\u00f3n del aserr\u00edn a la empresa \u201cIndustrias forestales Limones\u201d, instalada en la comunidad de Limones, valle de Lepaguare, en el costado oeste de esta comprensi\u00f3n municipal.<\/p>\n<p>En distintos sectores olanchanos ya iniciaron con la elaboraci\u00f3n de las famosas alfombras.<\/p>\n<p class=\"mb-6\">El personal municipal trabaja todo terreno, en la elaboraci\u00f3n de las alfombras para que est\u00e9n disponibles en la Semana Santa, que se desarrolla a finales del presente mes de marzo, anot\u00f3 el informante.<\/p>\n<p class=\"mb-6\">Adem\u00e1s de iniciar el proceso de coloraci\u00f3n o pintado del aserr\u00edn para las alfombras sacras de Semana Santa, nuestro equipo de trabajadores voluntarios, se dio a la tarea de fabricar algunas mesas para hacer el trabajo con mayor calidad y comodidad, concluy\u00f3.<\/p>\n<p class=\"mb-6\">Hist\u00f3ricamente, para la construcci\u00f3n de las alfombras se dispone de la colaboraci\u00f3n de muchas personas en forma voluntaria de esta ciudad, entre ellas la familia Hern\u00e1ndez-Ben\u00edtez, que preside el subsecretario de Educaci\u00f3n P\u00fablica, Edwin Hern\u00e1ndez, conocido popularmente como \u201cWincho\u201d en todo el departamento de Olancho.<\/p>\n<p class=\"mb-6\">\n<p class=\"mb-6\">El profesor \u201cWincho\u201d y su familia han sido buenos colaboradores desde hace muchos a\u00f1os en la elaboraci\u00f3n de las famosas alfombras, desde que se hicieron por primera vez en Juticalpa y por su tradici\u00f3n en la Iglesia cat\u00f3lica.<\/p>\n<p class=\"mb-6\">Pero, parece que este a\u00f1o ser\u00e1 diferente la historia, por lo menos con la ausencia del subsecretario de Educaci\u00f3n, quien ahora vive en Tegucigalpa.<em><strong>(FS)<\/strong><\/em><\/p>\n<p>Las famosas alfombras se construyen en el interior del gimnasio Jerusal\u00e9n de la iglesia cat\u00f3lica en la ciudad de Juticalpa, Olancho.<br \/>\nEsta empleada de la municipalidad de Juticalpa, Olancho, trabaja afanosamente en el procesamiento del aserr\u00edn.<br \/>\nTodos los componentes para la construcci\u00f3n de las alfombras, se obtienen de personas voluntarias en el departamento de Olancho.<\/p>\n<p>Fuente: latribuna.hn<\/p>\n","protected":false},"excerpt":{"rendered":"<p>\u00a0 JUTICALPA, OLANCHO. 08.03.2024 En localidades del departamento de Olancho, ya inici\u00f3 el proceso de elaboraci\u00f3n de las famosas y coloridas alfombras utilizadas para celebrar la Semana Santa, del 24 al 30 de marzo pr\u00f3ximo. Habitantes de esta cabecera departamental, tienen varios d\u00edas de trabajar en los preparativos de estos dise\u00f1os que se exponen en &hellip;<\/p>\n","protected":false},"author":0,"featured_media":68732,"comment_status":"open","ping_status":"open","sticky":false,"template":"","format":"standard","meta":{"_jetpack_memberships_contains_paid_content":false,"footnotes":""},"categories":[5],"tags":[],"class_list":["post-68731","post","type-post","status-publish","format-standard","has-post-thumbnail","","category-noticias"],"jetpack_sharing_enabled":true,"jetpack_featured_media_url":"https:\/\/mickyandoniehn.com\/radio\/wp-content\/uploads\/2024\/03\/ALFOMBRAS-YAsfCw.jpeg","_links":{"self":[{"href":"https:\/\/mickyandoniehn.com\/radio\/wp-json\/wp\/v2\/posts\/68731","targetHints":{"allow":["GET"]}}],"collection":[{"href":"https:\/\/mickyandoniehn.com\/radio\/wp-json\/wp\/v2\/posts"}],"about":[{"href":"https:\/\/mickyandoniehn.com\/radio\/wp-json\/wp\/v2\/types\/post"}],"replies":[{"embeddable":true,"href":"https:\/\/mickyandoniehn.com\/radio\/wp-json\/wp\/v2\/comments?post=68731"}],"version-history":[{"count":0,"href":"https:\/\/mickyandoniehn.com\/radio\/wp-json\/wp\/v2\/posts\/68731\/revisions"}],"wp:featuredmedia":[{"embeddable":true,"href":"https:\/\/mickyandoniehn.com\/radio\/wp-json\/wp\/v2\/media\/68732"}],"wp:attachment":[{"href":"https:\/\/mickyandoniehn.com\/radio\/wp-json\/wp\/v2\/media?parent=68731"}],"wp:term":[{"taxonomy":"category","embeddable":true,"href":"https:\/\/mickyandoniehn.com\/radio\/wp-json\/wp\/v2\/categories?post=68731"},{"taxonomy":"post_tag","embeddable":true,"href":"https:\/\/mickyandoniehn.com\/radio\/wp-json\/wp\/v2\/tags?post=68731"}],"curies":[{"name":"wp","href":"https:\/\/api.w.org\/{rel}","templated":true}]}}