{"id":68721,"date":"2024-03-08T07:12:35","date_gmt":"2024-03-08T13:12:35","guid":{"rendered":"http:\/\/mickyandoniehn.com\/radio\/2024\/03\/08\/honduras-en-la-historia-08-de-marzo-1983-el-papa-juan-pablo-ii-visita-a-honduras\/"},"modified":"2024-03-08T07:12:35","modified_gmt":"2024-03-08T13:12:35","slug":"honduras-en-la-historia-08-de-marzo-1983-el-papa-juan-pablo-ii-visita-a-honduras","status":"publish","type":"post","link":"https:\/\/mickyandoniehn.com\/radio\/2024\/03\/08\/honduras-en-la-historia-08-de-marzo-1983-el-papa-juan-pablo-ii-visita-a-honduras\/","title":{"rendered":"Honduras en la Historia: 08 de Marzo 1983, El Papa Juan Pablo II visita a Honduras"},"content":{"rendered":"<div class=\"xdj266r x11i5rnm xat24cr x1mh8g0r x1vvkbs x126k92a\">\n<div><\/div>\n<div><\/div>\n<div>Honduras en la historia, 08 de Marzo 1983<\/div>\n<\/div>\n<div class=\"x11i5rnm xat24cr x1mh8g0r x1vvkbs xtlvy1s x126k92a\">\n<div>El Papa Juan Pablo II visita a Honduras<\/div>\n<div><\/div>\n<\/div>\n<div class=\"x11i5rnm xat24cr x1mh8g0r x1vvkbs xtlvy1s x126k92a\">\n<div>El Papa, Juan Pablo II, arribo a Honduras el 8 de marzo de 1983. Centroam\u00e9rica viv\u00eda momentos de enorme estabilidad pol\u00edtica. El gobierno civil dirigido por los liberales, apenas ten\u00eda un a\u00f1o de funci\u00f3n.<\/div>\n<\/div>\n<div class=\"x11i5rnm xat24cr x1mh8g0r x1vvkbs xtlvy1s x126k92a\">\n<div>\n<p>La Iglesia Cat\u00f3lica estaba dirigida por Monse\u00f1or H\u00e9ctor Enrique Santos Hern\u00e1ndez, un discreto pastor, de muy pocas palabras y poco amigo de las escenograf\u00edas falsas, que viv\u00eda su mandato dedicado al servicio de la colectividad y de los mejores intereses nacionales.<\/p>\n<\/div>\n<\/div>\n<div class=\"x11i5rnm xat24cr x1mh8g0r x1vvkbs xtlvy1s x126k92a\">\n<div>Hab\u00eda logrado superar la crisis de 1975 en que la Iglesia Cat\u00f3lica chocado con los militares y los ganaderos en Olancho y mejorado mucho sus relaciones con los nuevos mandos castrenses que hab\u00edan depuesto y sucedido a L\u00f3pez Arellano, a Melgar y a Policarpo Paz Garc\u00eda. Y lo m\u00e1s importante: gozaba del respeto de todos los hondure\u00f1os, incluso los evang\u00e9licos que lo ve\u00edan como un hombre intachable.<\/div>\n<\/div>\n<div class=\"x11i5rnm xat24cr x1mh8g0r x1vvkbs xtlvy1s x126k92a\">\n<div>La feligres\u00eda como un todo, se situ\u00f3 alrededor de su pastor local, para celebrar la visita del Pastor Universal, sucesor de Pedro en la conducci\u00f3n de la Iglesia Cat\u00f3lica. Suazo C\u00f3rdova, con mucha irresponsabilidad, sembraba la ciza\u00f1a entre los liberales. Circulaba la broma que incluso hab\u00eda dividido a los Hermanos Mej\u00eda, un d\u00fao musical muy popular en aquellos a\u00f1os.<\/div>\n<\/div>\n<div class=\"x11i5rnm xat24cr x1mh8g0r x1vvkbs xtlvy1s x126k92a\">\n<div>\n<p>Y el mismo, aparentemente lo que trascend\u00eda en los medios de comunicaci\u00f3n, estaba separado de su esposa, pese a su catolicismo verbal, lleno de citas, especialmente de salmos oportunamente escogidos para dirigirlos, con perversas intenciones en contra de sus adversarios.<\/p>\n<\/div>\n<\/div>\n<div class=\"x11i5rnm xat24cr x1mh8g0r x1vvkbs xtlvy1s x126k92a\">\n<div>Este era el ambiente que, en t\u00e9rminos generales, encuentra Juan Pablo II en Honduras la ma\u00f1ana del 8 de marzo de 1983 cuando llega a Tegucigalpa. Las multitudes se desbordan en las calles para verle pasar, raudo y sonriente en su llamado \u201cPapa M\u00f3vil\u201d.<\/div>\n<\/div>\n<div class=\"x11i5rnm xat24cr x1mh8g0r x1vvkbs xtlvy1s x126k92a\">\n<div>Celebra una multitudinaria misa en Suyapa, le habla a las multitudes desde un balc\u00f3n de la Nunciatura Apost\u00f3lica y obliga a Suazo a comparecer a su presencia acompa\u00f1ado de su esposa do\u00f1a Aida. Gustavo Alvares Mart\u00ednez que un tiempo despu\u00e9s dejara el catolicismo, se arrodilla en su presencia y finge arrepentirse de sus pecados.<\/div>\n<\/div>\n<div class=\"x11i5rnm xat24cr x1mh8g0r x1vvkbs xtlvy1s x126k92a\">\n<div>El Santo Padre, predica a favor de la paz y frena, con mucho \u00e9xito, la tendencia guerrera generalizada que se estaba incubando en Centroam\u00e9rica. La Iglesia Cat\u00f3lica hondure\u00f1a se vio fortalecida con esta visita, al grado que solo unos pocos evang\u00e9licos \u2013 que no eran tan influyentes como lo son ahora \u2013 levantaron sus voces mezquinas criticando la movilizaci\u00f3n popular.<\/div>\n<div><\/div>\n<\/div>\n<div class=\"x11i5rnm xat24cr x1mh8g0r x1vvkbs xtlvy1s x126k92a\">\n<div>*Fuente:<a class=\"x1i10hfl xjbqb8w x1ejq31n xd10rxx x1sy0etr x17r0tee x972fbf xcfux6l x1qhh985 xm0m39n x9f619 x1ypdohk xt0psk2 xe8uvvx xdj266r x11i5rnm xat24cr x1mh8g0r xexx8yu x4uap5 x18d9i69 xkhd6sd x16tdsg8 x1hl2dhg xggy1nq x1a2a7pz xt0b8zv x1fey0fg\" href=\"https:\/\/l.facebook.com\/l.php?u=http%3A%2F%2Fwww.latribuna.hn%2F2012%2F04%2F08%2Fel-papa-juan-pablo-ii-en-honduras%3Ffbclid%3DIwAR222-xbAAFQVnE1qfzGJG4B6zQp6NmbTlrTBW06GGjKH-iOBiw9tMZMkNc&amp;h=AT2ZvMp7wCGD07OIZHZKTGidwiSdGEYsrxl6eOGTi1mWlkUJwl9jT_8S1EIEUzNDa3BZMpzlT5Xzyn0Cq7ynJ3JA2_Sxt1FhDJiIar1VST6HZRcsMAD8SlcOtPZGgYgqf5lV&amp;__tn__=-UK-y-R&amp;c%5B0%5D=AT2oAh2CTpzjkchUuuTu8UmYa5ZpUSaXXpT0FChGqhQ4x6L118r7HJA5CUKFcKskUh5tbAHK2RN57ZMJarysrq_XU2Ierkr5gV5KINB4cbOujUPscbi50QsY849kXSkNnkxwYmcsMiLDA2GRrxVVKHkvvN0ASnbB8pjt7uhe6LB0zBPbMcLPpSinFlBfYRKdbUDdAkxD9qF6vXjx_GWnEuzaqZz8mgSff-fH\" target=\"_blank\" rel=\"noopener\">http:\/\/www.latribuna.hn\/\u2026\/el-papa-juan-pablo-ii-en\u2026<\/a><\/div>\n<\/div>\n","protected":false},"excerpt":{"rendered":"<p>Honduras en la historia, 08 de Marzo 1983 El Papa Juan Pablo II visita a Honduras El Papa, Juan Pablo II, arribo a Honduras el 8 de marzo de 1983. Centroam\u00e9rica viv\u00eda momentos de enorme estabilidad pol\u00edtica. El gobierno civil dirigido por los liberales, apenas ten\u00eda un a\u00f1o de funci\u00f3n. La Iglesia Cat\u00f3lica estaba dirigida &hellip;<\/p>\n","protected":false},"author":0,"featured_media":68722,"comment_status":"open","ping_status":"open","sticky":false,"template":"","format":"standard","meta":{"_jetpack_memberships_contains_paid_content":false,"footnotes":""},"categories":[5],"tags":[],"class_list":["post-68721","post","type-post","status-publish","format-standard","has-post-thumbnail","","category-noticias"],"jetpack_sharing_enabled":true,"jetpack_featured_media_url":"https:\/\/mickyandoniehn.com\/radio\/wp-content\/uploads\/2024\/03\/8.1-j7URgT.jpeg","_links":{"self":[{"href":"https:\/\/mickyandoniehn.com\/radio\/wp-json\/wp\/v2\/posts\/68721","targetHints":{"allow":["GET"]}}],"collection":[{"href":"https:\/\/mickyandoniehn.com\/radio\/wp-json\/wp\/v2\/posts"}],"about":[{"href":"https:\/\/mickyandoniehn.com\/radio\/wp-json\/wp\/v2\/types\/post"}],"replies":[{"embeddable":true,"href":"https:\/\/mickyandoniehn.com\/radio\/wp-json\/wp\/v2\/comments?post=68721"}],"version-history":[{"count":0,"href":"https:\/\/mickyandoniehn.com\/radio\/wp-json\/wp\/v2\/posts\/68721\/revisions"}],"wp:featuredmedia":[{"embeddable":true,"href":"https:\/\/mickyandoniehn.com\/radio\/wp-json\/wp\/v2\/media\/68722"}],"wp:attachment":[{"href":"https:\/\/mickyandoniehn.com\/radio\/wp-json\/wp\/v2\/media?parent=68721"}],"wp:term":[{"taxonomy":"category","embeddable":true,"href":"https:\/\/mickyandoniehn.com\/radio\/wp-json\/wp\/v2\/categories?post=68721"},{"taxonomy":"post_tag","embeddable":true,"href":"https:\/\/mickyandoniehn.com\/radio\/wp-json\/wp\/v2\/tags?post=68721"}],"curies":[{"name":"wp","href":"https:\/\/api.w.org\/{rel}","templated":true}]}}