{"id":68718,"date":"2024-03-08T00:12:37","date_gmt":"2024-03-08T06:12:37","guid":{"rendered":"https:\/\/mickyandoniehn.com\/radio\/2024\/03\/08\/fallece-akira-toriyama-a-los-68-anos-el-padre-de-dragon-ball\/"},"modified":"2024-03-08T00:12:37","modified_gmt":"2024-03-08T06:12:37","slug":"fallece-akira-toriyama-a-los-68-anos-el-padre-de-dragon-ball","status":"publish","type":"post","link":"https:\/\/mickyandoniehn.com\/radio\/2024\/03\/08\/fallece-akira-toriyama-a-los-68-anos-el-padre-de-dragon-ball\/","title":{"rendered":"Fallece Akira Toriyama a los 68 a\u00f1os, el padre de \u2018Dragon Ball\u2019"},"content":{"rendered":"<\/p>\n<p><strong>\u2018Dragon Ball\u2019<\/strong>\u00a0es uno de los anime m\u00e1s populares en M\u00e9xico y Latinoam\u00e9rica. Desde su primera entrega, hasta el pr\u00f3ximo estreno de\u00a0<a href=\"https:\/\/www.xataka.com.mx\/anime\/dragon-ball-daima-quiere-mezclar-nostalgia-toneladas-accion-pura-para-enamorar-a-sus-fans\">\u2018Dragon Ball Daima\u2019<\/a>, el p\u00fablico de muchas generaciones ha seguido las aventuras de Goku y compa\u00f1\u00eda. Pero ahora hay una noticia triste por compartir. A los 68 a\u00f1os de edad, el mangaka y creador de la saga,\u00a0<strong>Akira Toriyama, ha fallecido<\/strong>.<\/p>\n<p>Esto fue\u00a0<a href=\"https:\/\/twitter.com\/DB_official_en\/status\/1765935471971213816\/photo\/1\">compartido<\/a>\u00a0por la cuenta oficial de \u2018Dragon Ball\u2019 en ingl\u00e9s:<\/p>\n<p>\u00abEstamos muy tristes de compartir que el creador de manga Akira Toriyama falleci\u00f3 el 1 de marzo debido a un hematoma subdural. Ten\u00eda 68 a\u00f1os.\u00bb<\/p>\n<p>El comunicado incluso menciona que esta triste noticia se da en plena producci\u00f3n de este nuevo anime. Su funeral fue con sus familiares y gente cercana al creativo,\u00a0<em><strong>\u00absiguiendo sus deseos por tranquilidad\u00bb<\/strong><\/em>. Tambi\u00e9n se menciona que por ahora no hay nada planeado para rendirle un tributo, pero que se comunicar\u00e1 cualquier decisi\u00f3n oficial pr\u00f3ximamente.<\/p>\n<p>\u00abEsperamos que el mundo \u00fanico creado por Akira Toriyama sigan siendo amado por todos durante mucho tiempo. \u00a0Les comunicamos esta triste noticia, con agradecimiento por su bondad durante su vida.\u00bb<\/p>\n<p>Toriyama tambi\u00e9n fue la mente detr\u00e1s de otras obras muy reconocidas como \u2018Dr. Slump\u2019 y \u2018Sandland\u2019, el cual tendr\u00e1 un videojuego dentro de muy poco. Por supuesto, los fans de los RPG pueden reconocer\u00a0<strong>su trabajo en Chrono Trigger<\/strong>, el ic\u00f3nico juego de Super Nintendo.<\/p>\n<div class=\"article-asset-image article-asset-normal article-asset-center\">\n<div class=\"asset-content\"><\/div>\n<\/div>\n<p>Dejamos la traducci\u00f3n completa del comunicado a continuaci\u00f3n:<\/p>\n<p><em>\u00abEstamos muy tristes de compartir que el creador de manga Akira Toriyama falleci\u00f3 el 1 de marzo debido a un hematoma subdural. Ten\u00eda 68 a\u00f1os.<\/em><\/p>\n<p>Es nuestro profundo pesar que todav\u00eda tuviera obras en plena creaci\u00f3n con gran entusiasmo. Adem\u00e1s, ten\u00eda muchas m\u00e1s cosas por lograr.<\/p>\n<p>Sin embargo, ha dejado muchos t\u00edtulos de manga y obras de arte a este mundo.<\/p>\n<p>Gracias al apoyo de tantas personas en todo el mundo, ha podido continuar con sus actividades creativas durante m\u00e1s de 45 a\u00f1os. \u00a0<em>Esperamos que el mundo \u00fanico creado por Akira Toriyama sigan siendo amado por todos durante mucho tiempo. \u00a0Les comunicamos esta triste noticia, con agradecimiento por su bondad durante su vida.<\/em><\/p>\n<p>El funeral se celebr\u00f3 con su familia y muy pocos familiares. Siguiendo estos deseos de tranquilidad, le informamos respetuosamente que no aceptaremos flores, regalos de condolencia, visitas, ofrendas y otros. Asimismo, le solicitamos que se abstengan de realizar entrevistas a su familia.<\/p>\n<p>Planes para una reuni\u00f3n conmemorativa no est\u00e1n decididos, les avisaremos cuando est\u00e9 confirmado. Les agradecemos profundamente su comprensi\u00f3n y apoyo cde siempre.\u00bb<\/p>\n<p>Descanse en paz.<\/p>\n","protected":false},"excerpt":{"rendered":"<p>\u2018Dragon Ball\u2019\u00a0es uno de los anime m\u00e1s populares en M\u00e9xico y Latinoam\u00e9rica. Desde su primera entrega, hasta el pr\u00f3ximo estreno de\u00a0\u2018Dragon Ball Daima\u2019, el p\u00fablico de muchas generaciones ha seguido las aventuras de Goku y compa\u00f1\u00eda. Pero ahora hay una noticia triste por compartir. A los 68 a\u00f1os de edad, el mangaka y creador de &hellip;<\/p>\n","protected":false},"author":0,"featured_media":68719,"comment_status":"open","ping_status":"open","sticky":false,"template":"","format":"standard","meta":{"_jetpack_memberships_contains_paid_content":false,"footnotes":""},"categories":[5],"tags":[],"class_list":["post-68718","post","type-post","status-publish","format-standard","has-post-thumbnail","","category-noticias"],"jetpack_sharing_enabled":true,"jetpack_featured_media_url":"https:\/\/mickyandoniehn.com\/radio\/wp-content\/uploads\/2024\/03\/500_333-lu1ys7.jpeg","_links":{"self":[{"href":"https:\/\/mickyandoniehn.com\/radio\/wp-json\/wp\/v2\/posts\/68718","targetHints":{"allow":["GET"]}}],"collection":[{"href":"https:\/\/mickyandoniehn.com\/radio\/wp-json\/wp\/v2\/posts"}],"about":[{"href":"https:\/\/mickyandoniehn.com\/radio\/wp-json\/wp\/v2\/types\/post"}],"replies":[{"embeddable":true,"href":"https:\/\/mickyandoniehn.com\/radio\/wp-json\/wp\/v2\/comments?post=68718"}],"version-history":[{"count":0,"href":"https:\/\/mickyandoniehn.com\/radio\/wp-json\/wp\/v2\/posts\/68718\/revisions"}],"wp:featuredmedia":[{"embeddable":true,"href":"https:\/\/mickyandoniehn.com\/radio\/wp-json\/wp\/v2\/media\/68719"}],"wp:attachment":[{"href":"https:\/\/mickyandoniehn.com\/radio\/wp-json\/wp\/v2\/media?parent=68718"}],"wp:term":[{"taxonomy":"category","embeddable":true,"href":"https:\/\/mickyandoniehn.com\/radio\/wp-json\/wp\/v2\/categories?post=68718"},{"taxonomy":"post_tag","embeddable":true,"href":"https:\/\/mickyandoniehn.com\/radio\/wp-json\/wp\/v2\/tags?post=68718"}],"curies":[{"name":"wp","href":"https:\/\/api.w.org\/{rel}","templated":true}]}}