{"id":68702,"date":"2024-03-07T15:12:34","date_gmt":"2024-03-07T21:12:34","guid":{"rendered":"http:\/\/mickyandoniehn.com\/radio\/2024\/03\/07\/cgt-demanda-ratificacion-del-convenio-190-de-la-oit-para-proteger-a-mujeres-obreras\/"},"modified":"2024-03-07T15:12:34","modified_gmt":"2024-03-07T21:12:34","slug":"cgt-demanda-ratificacion-del-convenio-190-de-la-oit-para-proteger-a-mujeres-obreras","status":"publish","type":"post","link":"https:\/\/mickyandoniehn.com\/radio\/2024\/03\/07\/cgt-demanda-ratificacion-del-convenio-190-de-la-oit-para-proteger-a-mujeres-obreras\/","title":{"rendered":"CGT demanda ratificaci\u00f3n del Convenio 190 de la OIT para proteger a mujeres obreras"},"content":{"rendered":"<div class=\"entry-content clearfix single-post-content\">\n<p>Tegucigalpa. 07.03.2024<\/p>\n<p>El secretario general de la Central General de Trabajadores (CGT), Daniel Dur\u00f3n, inst\u00f3 hoy al gobierno de Honduras a ratificar el Convenio 190 de la Organizaci\u00f3n Internacional del Trabajo (OIT) en solidaridad con las mujeres trabajadoras del pa\u00eds.<\/p>\n<p>El convenio, aprobado por la OIT en 2019, aborda temas como condiciones laborales, acoso laboral y sexual, siendo fundamental para proteger los derechos de las mujeres en el \u00e1mbito laboral, explic\u00f3 Dur\u00f3n.<\/p>\n<p>Honduras actualmente solo ha ratificado 26 de los 189 convenios posibles de la OIT, lo que refleja una necesidad urgente de mejorar el cumplimiento de los est\u00e1ndares laborales internacionales, se\u00f1al\u00f3 el dirigente sindical.<\/p>\n<p>El Convenio 190 aborda la violencia y el acoso en el lugar de trabajo, reconociendo su impacto desproporcionado en las mujeres y ni\u00f1as, y la necesidad de adoptar un enfoque inclusivo que tenga en cuenta las consideraciones de g\u00e9nero, indic\u00f3 Dur\u00f3n.<\/p>\n<p>En coincidencia con el D\u00eda Internacional de la Mujer el 8 de marzo, Dur\u00f3n enfatiz\u00f3 la importancia de que Honduras anuncie la ratificaci\u00f3n del Convenio 190 como un gesto de compromiso con la protecci\u00f3n de las trabajadoras hondure\u00f1as.<\/p>\n<p>Fuente: diarioroatan.com<\/p>\n<\/div>\n<div class=\"post-share single-post-share bottom-share clearfix style-1\">\n<div class=\"share-handler-wrap bs-pretty-tabs bs-pretty-tabs-initialized\"><\/div>\n<\/div>\n","protected":false},"excerpt":{"rendered":"<p>Tegucigalpa. 07.03.2024 El secretario general de la Central General de Trabajadores (CGT), Daniel Dur\u00f3n, inst\u00f3 hoy al gobierno de Honduras a ratificar el Convenio 190 de la Organizaci\u00f3n Internacional del Trabajo (OIT) en solidaridad con las mujeres trabajadoras del pa\u00eds. El convenio, aprobado por la OIT en 2019, aborda temas como condiciones laborales, acoso laboral &hellip;<\/p>\n","protected":false},"author":0,"featured_media":68703,"comment_status":"open","ping_status":"open","sticky":false,"template":"","format":"standard","meta":{"_jetpack_memberships_contains_paid_content":false,"footnotes":""},"categories":[5],"tags":[],"class_list":["post-68702","post","type-post","status-publish","format-standard","has-post-thumbnail","","category-noticias"],"jetpack_sharing_enabled":true,"jetpack_featured_media_url":"https:\/\/mickyandoniehn.com\/radio\/wp-content\/uploads\/2024\/03\/TrabajadorasMujeres1_LP1291793_MG73084439-gg8FR1.jpeg","_links":{"self":[{"href":"https:\/\/mickyandoniehn.com\/radio\/wp-json\/wp\/v2\/posts\/68702","targetHints":{"allow":["GET"]}}],"collection":[{"href":"https:\/\/mickyandoniehn.com\/radio\/wp-json\/wp\/v2\/posts"}],"about":[{"href":"https:\/\/mickyandoniehn.com\/radio\/wp-json\/wp\/v2\/types\/post"}],"replies":[{"embeddable":true,"href":"https:\/\/mickyandoniehn.com\/radio\/wp-json\/wp\/v2\/comments?post=68702"}],"version-history":[{"count":0,"href":"https:\/\/mickyandoniehn.com\/radio\/wp-json\/wp\/v2\/posts\/68702\/revisions"}],"wp:featuredmedia":[{"embeddable":true,"href":"https:\/\/mickyandoniehn.com\/radio\/wp-json\/wp\/v2\/media\/68703"}],"wp:attachment":[{"href":"https:\/\/mickyandoniehn.com\/radio\/wp-json\/wp\/v2\/media?parent=68702"}],"wp:term":[{"taxonomy":"category","embeddable":true,"href":"https:\/\/mickyandoniehn.com\/radio\/wp-json\/wp\/v2\/categories?post=68702"},{"taxonomy":"post_tag","embeddable":true,"href":"https:\/\/mickyandoniehn.com\/radio\/wp-json\/wp\/v2\/tags?post=68702"}],"curies":[{"name":"wp","href":"https:\/\/api.w.org\/{rel}","templated":true}]}}