{"id":68700,"date":"2024-03-07T15:12:32","date_gmt":"2024-03-07T21:12:32","guid":{"rendered":"http:\/\/mickyandoniehn.com\/radio\/2024\/03\/07\/avanza-construccion-de-represa-san-jose-en-el-distrito-central\/"},"modified":"2024-03-07T15:12:32","modified_gmt":"2024-03-07T21:12:32","slug":"avanza-construccion-de-represa-san-jose-en-el-distrito-central","status":"publish","type":"post","link":"https:\/\/mickyandoniehn.com\/radio\/2024\/03\/07\/avanza-construccion-de-represa-san-jose-en-el-distrito-central\/","title":{"rendered":"Avanza construcci\u00f3n de represa San Jos\u00e9 en el Distrito Central"},"content":{"rendered":"<\/p>\n<p><strong>Tegucigalpa. 07.03.2024<\/strong><\/p>\n<p>El director de Ordenamiento Territorial y Obras Civiles de la Alcald\u00eda Municipal del Distrito Central (AMDC), Benjam\u00edn Bustamante, anunci\u00f3 hoy que la construcci\u00f3n de la represa San Jos\u00e9 ha alcanzado un avance del 35 %.<\/p>\n<p>Seg\u00fan Bustamante, se espera que la obra concluya en 2025 y entre en operaci\u00f3n a principios de 2026. Esta iniciativa surge en respuesta al d\u00e9ficit de agua del 50 % que enfrenta la capital hondure\u00f1a en la actualidad.<\/p>\n<p>El funcionario destac\u00f3 que la represa beneficiar\u00e1 principalmente a sectores de la ciudad que actualmente sufren los precios m\u00e1s altos por el agua debido a la falta de acceso al recurso. Colonias como La Villanueva, Los Pinos, El Tabl\u00f3n y la populosa Kennedy se ver\u00e1n directamente favorecidas por esta nueva infraestructura.<\/p>\n<p>El costo total del proyecto asciende a 50 millones de d\u00f3lares, los cuales ser\u00e1n financiados con fondos propios de la alcald\u00eda capitalina, seg\u00fan inform\u00f3 Bustamante.<\/p>\n<p>Es importante mencionar que en las \u00faltimas horas el alcalde de la capital, Jorge Aldana, sufri\u00f3 un accidente mientras supervisaba las obras en la construcci\u00f3n de la represa San Jos\u00e9. Sin embargo, se reporta que se est\u00e1 recuperando satisfactoriamente.<\/p>\n<p>Fuente: diarioroatan.com<\/p>\n","protected":false},"excerpt":{"rendered":"<p>Tegucigalpa. 07.03.2024 El director de Ordenamiento Territorial y Obras Civiles de la Alcald\u00eda Municipal del Distrito Central (AMDC), Benjam\u00edn Bustamante, anunci\u00f3 hoy que la construcci\u00f3n de la represa San Jos\u00e9 ha alcanzado un avance del 35 %. Seg\u00fan Bustamante, se espera que la obra concluya en 2025 y entre en operaci\u00f3n a principios de 2026. &hellip;<\/p>\n","protected":false},"author":0,"featured_media":68701,"comment_status":"open","ping_status":"open","sticky":false,"template":"","format":"standard","meta":{"_jetpack_memberships_contains_paid_content":false,"footnotes":""},"categories":[5],"tags":[],"class_list":["post-68700","post","type-post","status-publish","format-standard","has-post-thumbnail","","category-noticias"],"jetpack_sharing_enabled":true,"jetpack_featured_media_url":"https:\/\/mickyandoniehn.com\/radio\/wp-content\/uploads\/2024\/03\/Untitled-design-2023-11-22T092418.551-2-750x430-1-X2v4aX.jpeg","_links":{"self":[{"href":"https:\/\/mickyandoniehn.com\/radio\/wp-json\/wp\/v2\/posts\/68700","targetHints":{"allow":["GET"]}}],"collection":[{"href":"https:\/\/mickyandoniehn.com\/radio\/wp-json\/wp\/v2\/posts"}],"about":[{"href":"https:\/\/mickyandoniehn.com\/radio\/wp-json\/wp\/v2\/types\/post"}],"replies":[{"embeddable":true,"href":"https:\/\/mickyandoniehn.com\/radio\/wp-json\/wp\/v2\/comments?post=68700"}],"version-history":[{"count":0,"href":"https:\/\/mickyandoniehn.com\/radio\/wp-json\/wp\/v2\/posts\/68700\/revisions"}],"wp:featuredmedia":[{"embeddable":true,"href":"https:\/\/mickyandoniehn.com\/radio\/wp-json\/wp\/v2\/media\/68701"}],"wp:attachment":[{"href":"https:\/\/mickyandoniehn.com\/radio\/wp-json\/wp\/v2\/media?parent=68700"}],"wp:term":[{"taxonomy":"category","embeddable":true,"href":"https:\/\/mickyandoniehn.com\/radio\/wp-json\/wp\/v2\/categories?post=68700"},{"taxonomy":"post_tag","embeddable":true,"href":"https:\/\/mickyandoniehn.com\/radio\/wp-json\/wp\/v2\/tags?post=68700"}],"curies":[{"name":"wp","href":"https:\/\/api.w.org\/{rel}","templated":true}]}}