{"id":68688,"date":"2024-03-07T07:12:39","date_gmt":"2024-03-07T13:12:39","guid":{"rendered":"https:\/\/mickyandoniehn.com\/radio\/2024\/03\/07\/honduras-en-la-historia-07-de-marzo-1914-nuevo-incendio-en-la-ceiba-atlantida\/"},"modified":"2024-03-07T07:12:39","modified_gmt":"2024-03-07T13:12:39","slug":"honduras-en-la-historia-07-de-marzo-1914-nuevo-incendio-en-la-ceiba-atlantida","status":"publish","type":"post","link":"https:\/\/mickyandoniehn.com\/radio\/2024\/03\/07\/honduras-en-la-historia-07-de-marzo-1914-nuevo-incendio-en-la-ceiba-atlantida\/","title":{"rendered":"Honduras en la Historia: 07 de Marzo 1914, Nuevo incendio en La Ceiba, Atl\u00e1ntida"},"content":{"rendered":"<\/p>\n<div class=\"xdj266r x11i5rnm xat24cr x1mh8g0r x1vvkbs x126k92a\">\n<div>Honduras en la historia, 07 de Marzo 1914<\/div>\n<\/div>\n<div class=\"x11i5rnm xat24cr x1mh8g0r x1vvkbs xtlvy1s x126k92a\">\n<div>Nuevo incendio en La Ceiba, Atl\u00e1ntida<\/div>\n<\/div>\n<div class=\"x11i5rnm xat24cr x1mh8g0r x1vvkbs xtlvy1s x126k92a\">\n<div>Se registra un incendio en La Ceiba, Atl\u00e1ntida, donde fue destruida la f\u00e1brica de ropa \u201cAtl\u00e1ntida\u201d de Abraham Andonie<\/div>\n<\/div>\n","protected":false},"excerpt":{"rendered":"<p>Honduras en la historia, 07 de Marzo 1914 Nuevo incendio en La Ceiba, Atl\u00e1ntida Se registra un incendio en La Ceiba, Atl\u00e1ntida, donde fue destruida la f\u00e1brica de ropa \u201cAtl\u00e1ntida\u201d de Abraham Andonie<\/p>\n","protected":false},"author":0,"featured_media":68689,"comment_status":"open","ping_status":"open","sticky":false,"template":"","format":"standard","meta":{"_jetpack_memberships_contains_paid_content":false,"footnotes":""},"categories":[5],"tags":[],"class_list":["post-68688","post","type-post","status-publish","format-standard","has-post-thumbnail","","category-noticias"],"jetpack_sharing_enabled":true,"jetpack_featured_media_url":"https:\/\/mickyandoniehn.com\/radio\/wp-content\/uploads\/2024\/03\/7.3-rAwhVa.jpeg","_links":{"self":[{"href":"https:\/\/mickyandoniehn.com\/radio\/wp-json\/wp\/v2\/posts\/68688","targetHints":{"allow":["GET"]}}],"collection":[{"href":"https:\/\/mickyandoniehn.com\/radio\/wp-json\/wp\/v2\/posts"}],"about":[{"href":"https:\/\/mickyandoniehn.com\/radio\/wp-json\/wp\/v2\/types\/post"}],"replies":[{"embeddable":true,"href":"https:\/\/mickyandoniehn.com\/radio\/wp-json\/wp\/v2\/comments?post=68688"}],"version-history":[{"count":0,"href":"https:\/\/mickyandoniehn.com\/radio\/wp-json\/wp\/v2\/posts\/68688\/revisions"}],"wp:featuredmedia":[{"embeddable":true,"href":"https:\/\/mickyandoniehn.com\/radio\/wp-json\/wp\/v2\/media\/68689"}],"wp:attachment":[{"href":"https:\/\/mickyandoniehn.com\/radio\/wp-json\/wp\/v2\/media?parent=68688"}],"wp:term":[{"taxonomy":"category","embeddable":true,"href":"https:\/\/mickyandoniehn.com\/radio\/wp-json\/wp\/v2\/categories?post=68688"},{"taxonomy":"post_tag","embeddable":true,"href":"https:\/\/mickyandoniehn.com\/radio\/wp-json\/wp\/v2\/tags?post=68688"}],"curies":[{"name":"wp","href":"https:\/\/api.w.org\/{rel}","templated":true}]}}