{"id":68684,"date":"2024-03-07T00:12:55","date_gmt":"2024-03-07T06:12:55","guid":{"rendered":"https:\/\/mickyandoniehn.com\/radio\/2024\/03\/07\/inauguran-oficina-de-reaccion-inmediata-contra-la-violencia-de-genero-en-islas-de-la-bahia\/"},"modified":"2024-03-07T00:12:55","modified_gmt":"2024-03-07T06:12:55","slug":"inauguran-oficina-de-reaccion-inmediata-contra-la-violencia-de-genero-en-islas-de-la-bahia","status":"publish","type":"post","link":"https:\/\/mickyandoniehn.com\/radio\/2024\/03\/07\/inauguran-oficina-de-reaccion-inmediata-contra-la-violencia-de-genero-en-islas-de-la-bahia\/","title":{"rendered":"Inauguran Oficina de Reacci\u00f3n Inmediata Contra la Violencia de G\u00e9nero en Islas de la Bah\u00eda"},"content":{"rendered":"<\/p>\n<p>En v\u00edsperas del D\u00eda Internacional de la Mujer, las autoridades de Islas de la Bah\u00eda han dado un paso firme en la lucha contra la violencia de g\u00e9nero en Honduras con la apertura de la nueva Oficina de Reacci\u00f3n Inmediata Contra la Violencia de G\u00e9nero\u00a0<a href=\"https:\/\/m.facebook.com\/profile.php\/?id=100088258295022\">(UDEP-11)<\/a>. Esta iniciativa tiene como objetivo brindar atenci\u00f3n inmediata a las mujeres que enfrentan casos de violencia dom\u00e9stica y otros tipos de violencia de g\u00e9nero.<\/p>\n<div class=\"wp-block-image\">\n<\/div>\n<p>La subcomisionada Nazareth Posadas, quien lidera esta importante iniciativa, destac\u00f3 la urgencia de actuar frente a la violencia que sufren muchas mujeres en silencio. Con determinaci\u00f3n, Posadas se\u00f1al\u00f3 que ninguna mujer debe tolerar ning\u00fan tipo de agresi\u00f3n. Y que la nueva oficina estar\u00e1 preparada para responder de manera inmediata a cada caso reportado.<\/p>\n<p>Posadas tambi\u00e9n enfatiz\u00f3 la importancia de proteger a todos los grupos vulnerables, incluidos ancianos, ni\u00f1os, adolescentes, personas con discapacidad y miembros de la comunidad LGBTQ+. As\u00ed mismo, efatiz\u00f3 que su compromiso con la aplicaci\u00f3n de la ley y la protecci\u00f3n de los derechos humanos es evidente en su llamado a la acci\u00f3n: \u00abNing\u00fan agresor ser\u00e1 tolerado, y ninguna mujer debe quedarse callada\u00bb.<\/p>\n<div class=\"wp-block-image\">\n<\/div>\n<p>El comisionado general H\u00e9ctor Ruiz respald\u00f3 la iniciativa, destacando la importancia de trabajar en colaboraci\u00f3n con todas las autoridades locales y la sociedad civil. Con el objetivo de abordar este problema de manera integral. Destacando que tambi\u00e9n es fundamental proteger a todos los ciudadanos, independientemente de su origen \u00e9tnico o racial.<\/p>\n<p>Con la apertura de esta nueva oficina, Honduras est\u00e1 dando un paso adelante en la protecci\u00f3n de los derechos de las mujeres y la lucha contra la violencia de g\u00e9nero. Sin embargo, se reconoce que el desaf\u00edo es grande y que se necesita el apoyo continuo de toda la sociedad para superarlo. Juntos, podemos construir un futuro m\u00e1s seguro y equitativo para todos.<\/p>\n<p><strong>Siga leyendo:\u00a0<a href=\"https:\/\/diarioroatan.com\/icf-realiza-la-socializacion-para-la-declaratoria-de-la-microcuenca-en-los-fuertes\/\">ICF realiza la socializaci\u00f3n para la declaratoria de la microcuenca en Los Fuertes<\/a><\/strong><\/p>\n","protected":false},"excerpt":{"rendered":"<p>En v\u00edsperas del D\u00eda Internacional de la Mujer, las autoridades de Islas de la Bah\u00eda han dado un paso firme en la lucha contra la violencia de g\u00e9nero en Honduras con la apertura de la nueva Oficina de Reacci\u00f3n Inmediata Contra la Violencia de G\u00e9nero\u00a0(UDEP-11). Esta iniciativa tiene como objetivo brindar atenci\u00f3n inmediata a las &hellip;<\/p>\n","protected":false},"author":0,"featured_media":68685,"comment_status":"open","ping_status":"open","sticky":false,"template":"","format":"standard","meta":{"_jetpack_memberships_contains_paid_content":false,"footnotes":""},"categories":[5],"tags":[],"class_list":["post-68684","post","type-post","status-publish","format-standard","has-post-thumbnail","","category-noticias"],"jetpack_sharing_enabled":true,"jetpack_featured_media_url":"https:\/\/mickyandoniehn.com\/radio\/wp-content\/uploads\/2024\/03\/photo_5134528274909735950_y-750x430-s5udB8.jpeg","_links":{"self":[{"href":"https:\/\/mickyandoniehn.com\/radio\/wp-json\/wp\/v2\/posts\/68684","targetHints":{"allow":["GET"]}}],"collection":[{"href":"https:\/\/mickyandoniehn.com\/radio\/wp-json\/wp\/v2\/posts"}],"about":[{"href":"https:\/\/mickyandoniehn.com\/radio\/wp-json\/wp\/v2\/types\/post"}],"replies":[{"embeddable":true,"href":"https:\/\/mickyandoniehn.com\/radio\/wp-json\/wp\/v2\/comments?post=68684"}],"version-history":[{"count":0,"href":"https:\/\/mickyandoniehn.com\/radio\/wp-json\/wp\/v2\/posts\/68684\/revisions"}],"wp:featuredmedia":[{"embeddable":true,"href":"https:\/\/mickyandoniehn.com\/radio\/wp-json\/wp\/v2\/media\/68685"}],"wp:attachment":[{"href":"https:\/\/mickyandoniehn.com\/radio\/wp-json\/wp\/v2\/media?parent=68684"}],"wp:term":[{"taxonomy":"category","embeddable":true,"href":"https:\/\/mickyandoniehn.com\/radio\/wp-json\/wp\/v2\/categories?post=68684"},{"taxonomy":"post_tag","embeddable":true,"href":"https:\/\/mickyandoniehn.com\/radio\/wp-json\/wp\/v2\/tags?post=68684"}],"curies":[{"name":"wp","href":"https:\/\/api.w.org\/{rel}","templated":true}]}}