{"id":68676,"date":"2024-03-07T00:12:47","date_gmt":"2024-03-07T06:12:47","guid":{"rendered":"https:\/\/mickyandoniehn.com\/radio\/2024\/03\/07\/actor-de-ascendencia-hondurena-freddy-miyares-destaca-en-greys-anatomy\/"},"modified":"2024-03-07T00:12:47","modified_gmt":"2024-03-07T06:12:47","slug":"actor-de-ascendencia-hondurena-freddy-miyares-destaca-en-greys-anatomy","status":"publish","type":"post","link":"https:\/\/mickyandoniehn.com\/radio\/2024\/03\/07\/actor-de-ascendencia-hondurena-freddy-miyares-destaca-en-greys-anatomy\/","title":{"rendered":"Actor de ascendencia hondure\u00f1a Freddy Miyares destaca en Grey\u2019s Anatomy"},"content":{"rendered":"<\/p>\n<p>El talentoso actor de ascendencia hondure\u00f1a, Freddy Miyares, est\u00e1 en boca de todos al sumarse al elenco de la ic\u00f3nica serie Grey\u2019s Anatomy. Nacido en Estados Unidos, Miyares se identifica con sus ra\u00edces hondure\u00f1as y cubanas, y ha demostrado su versatilidad en la actuaci\u00f3n en producciones como la miniserie de Netflix \u00abAs\u00ed nos ven\u00bb, donde interpret\u00f3 a Raymond Santana Jr.<\/p>\n<p>En la pr\u00f3xima temporada de Grey\u2019s Anatomy, la n\u00famero 20, Miyares tendr\u00e1 un papel destacado como un paciente herido en un accidente. Esta nueva oportunidad para el actor es un motivo de gran orgullo para la comunidad hondure\u00f1a y latinoamericana en general.<\/p>\n<p>Los seguidores de la serie podr\u00e1n disfrutar del talento de Freddy Miyares a partir del 14 de marzo, una oportunidad para apoyar y celebrar el \u00e9xito de este actor que lleva en la sangre el orgullo catracho. \u00a1No te lo pierdas!<\/p>\n","protected":false},"excerpt":{"rendered":"<p>El talentoso actor de ascendencia hondure\u00f1a, Freddy Miyares, est\u00e1 en boca de todos al sumarse al elenco de la ic\u00f3nica serie Grey\u2019s Anatomy. Nacido en Estados Unidos, Miyares se identifica con sus ra\u00edces hondure\u00f1as y cubanas, y ha demostrado su versatilidad en la actuaci\u00f3n en producciones como la miniserie de Netflix \u00abAs\u00ed nos ven\u00bb, donde &hellip;<\/p>\n","protected":false},"author":0,"featured_media":68677,"comment_status":"open","ping_status":"open","sticky":false,"template":"","format":"standard","meta":{"_jetpack_memberships_contains_paid_content":false,"footnotes":""},"categories":[5],"tags":[],"class_list":["post-68676","post","type-post","status-publish","format-standard","has-post-thumbnail","","category-noticias"],"jetpack_sharing_enabled":true,"jetpack_featured_media_url":"https:\/\/mickyandoniehn.com\/radio\/wp-content\/uploads\/2024\/03\/freddy-2-800x600-1-750x430-O05RfY.jpeg","_links":{"self":[{"href":"https:\/\/mickyandoniehn.com\/radio\/wp-json\/wp\/v2\/posts\/68676","targetHints":{"allow":["GET"]}}],"collection":[{"href":"https:\/\/mickyandoniehn.com\/radio\/wp-json\/wp\/v2\/posts"}],"about":[{"href":"https:\/\/mickyandoniehn.com\/radio\/wp-json\/wp\/v2\/types\/post"}],"replies":[{"embeddable":true,"href":"https:\/\/mickyandoniehn.com\/radio\/wp-json\/wp\/v2\/comments?post=68676"}],"version-history":[{"count":0,"href":"https:\/\/mickyandoniehn.com\/radio\/wp-json\/wp\/v2\/posts\/68676\/revisions"}],"wp:featuredmedia":[{"embeddable":true,"href":"https:\/\/mickyandoniehn.com\/radio\/wp-json\/wp\/v2\/media\/68677"}],"wp:attachment":[{"href":"https:\/\/mickyandoniehn.com\/radio\/wp-json\/wp\/v2\/media?parent=68676"}],"wp:term":[{"taxonomy":"category","embeddable":true,"href":"https:\/\/mickyandoniehn.com\/radio\/wp-json\/wp\/v2\/categories?post=68676"},{"taxonomy":"post_tag","embeddable":true,"href":"https:\/\/mickyandoniehn.com\/radio\/wp-json\/wp\/v2\/tags?post=68676"}],"curies":[{"name":"wp","href":"https:\/\/api.w.org\/{rel}","templated":true}]}}