{"id":68636,"date":"2024-03-05T20:12:41","date_gmt":"2024-03-06T02:12:41","guid":{"rendered":"http:\/\/mickyandoniehn.com\/radio\/2024\/03\/05\/arbitro-hondureno-said-martinez-dirigira-el-clasico-chivas-vs-america-en-la-champions-de-concacaf\/"},"modified":"2024-03-05T20:12:41","modified_gmt":"2024-03-06T02:12:41","slug":"arbitro-hondureno-said-martinez-dirigira-el-clasico-chivas-vs-america-en-la-champions-de-concacaf","status":"publish","type":"post","link":"https:\/\/mickyandoniehn.com\/radio\/2024\/03\/05\/arbitro-hondureno-said-martinez-dirigira-el-clasico-chivas-vs-america-en-la-champions-de-concacaf\/","title":{"rendered":"\u00c1rbitro hondure\u00f1o Said Mart\u00ednez dirigir\u00e1 el cl\u00e1sico Chivas vs Am\u00e9rica en la Champions de Concacaf"},"content":{"rendered":"<\/p>\n<p>El \u00e1rbitro hondure\u00f1o Said Mart\u00ednez ha sido seleccionado para dirigir el esperado cl\u00e1sico mexicano entre Chivas y Am\u00e9rica en los octavos de final de ida de la Champions de Concacaf.<\/p>\n<p>Mart\u00ednez liderar\u00e1 la cuarteta arbitral en el enfrentamiento m\u00e1s destacado de la jornada, acompa\u00f1ado por los asistentes Cristhian Ram\u00edrez y Walter L\u00f3pez, tambi\u00e9n de Honduras.<\/p>\n<p>En el \u00e1rea del VAR, estar\u00e1n el mexicano Adonai Escobedo y el costarricense Benjam\u00edn Pineda, asegurando un equipo arbitral experimentado para este encuentro crucial.<\/p>\n<p>El partido est\u00e1 programado para el pr\u00f3ximo mi\u00e9rcoles 06 de marzo en el Estadio Akron de Chivas, comenzando a las 09:00 de la noche.<\/p>\n<p>El vencedor de esta llave avanzar\u00e1 a los cuartos de final de la competici\u00f3n, lo que a\u00f1ade a\u00fan m\u00e1s emoci\u00f3n a este enfrentamiento.<\/p>\n<p>Para Said Mart\u00ednez, este partido representa otro hito en su carrera, habiendo dirigido la gran final de la edici\u00f3n 2022 entre Seattle y Pumas, as\u00ed como las finales de la Copa Oro en 2021 y 2023, lo que demuestra su experiencia y respaldo por parte de la federaci\u00f3n.<\/p>\n<p>Adem\u00e1s de Mart\u00ednez, otros \u00e1rbitros hondure\u00f1os como Selvin Brown y Gerson Orellana tambi\u00e9n estar\u00e1n activos esta semana, designados para el encuentro entre FC Cincinnati de Estados Unidos y CF Monterrey de M\u00e9xico.<\/p>\n","protected":false},"excerpt":{"rendered":"<p>El \u00e1rbitro hondure\u00f1o Said Mart\u00ednez ha sido seleccionado para dirigir el esperado cl\u00e1sico mexicano entre Chivas y Am\u00e9rica en los octavos de final de ida de la Champions de Concacaf. Mart\u00ednez liderar\u00e1 la cuarteta arbitral en el enfrentamiento m\u00e1s destacado de la jornada, acompa\u00f1ado por los asistentes Cristhian Ram\u00edrez y Walter L\u00f3pez, tambi\u00e9n de Honduras. &hellip;<\/p>\n","protected":false},"author":0,"featured_media":68637,"comment_status":"open","ping_status":"open","sticky":false,"template":"","format":"standard","meta":{"_jetpack_memberships_contains_paid_content":false,"footnotes":""},"categories":[5],"tags":[],"class_list":["post-68636","post","type-post","status-publish","format-standard","has-post-thumbnail","","category-noticias"],"jetpack_sharing_enabled":true,"jetpack_featured_media_url":"https:\/\/mickyandoniehn.com\/radio\/wp-content\/uploads\/2024\/03\/said-martinez-750x430-OBUmM8.jpeg","_links":{"self":[{"href":"https:\/\/mickyandoniehn.com\/radio\/wp-json\/wp\/v2\/posts\/68636","targetHints":{"allow":["GET"]}}],"collection":[{"href":"https:\/\/mickyandoniehn.com\/radio\/wp-json\/wp\/v2\/posts"}],"about":[{"href":"https:\/\/mickyandoniehn.com\/radio\/wp-json\/wp\/v2\/types\/post"}],"replies":[{"embeddable":true,"href":"https:\/\/mickyandoniehn.com\/radio\/wp-json\/wp\/v2\/comments?post=68636"}],"version-history":[{"count":0,"href":"https:\/\/mickyandoniehn.com\/radio\/wp-json\/wp\/v2\/posts\/68636\/revisions"}],"wp:featuredmedia":[{"embeddable":true,"href":"https:\/\/mickyandoniehn.com\/radio\/wp-json\/wp\/v2\/media\/68637"}],"wp:attachment":[{"href":"https:\/\/mickyandoniehn.com\/radio\/wp-json\/wp\/v2\/media?parent=68636"}],"wp:term":[{"taxonomy":"category","embeddable":true,"href":"https:\/\/mickyandoniehn.com\/radio\/wp-json\/wp\/v2\/categories?post=68636"},{"taxonomy":"post_tag","embeddable":true,"href":"https:\/\/mickyandoniehn.com\/radio\/wp-json\/wp\/v2\/tags?post=68636"}],"curies":[{"name":"wp","href":"https:\/\/api.w.org\/{rel}","templated":true}]}}