{"id":68634,"date":"2024-03-05T20:12:39","date_gmt":"2024-03-06T02:12:39","guid":{"rendered":"http:\/\/mickyandoniehn.com\/radio\/2024\/03\/05\/instan-a-proteger-la-vida-e-integridad-de-defensora-de-derechos-de-la-mujer-en-honduras\/"},"modified":"2024-03-05T20:12:39","modified_gmt":"2024-03-06T02:12:39","slug":"instan-a-proteger-la-vida-e-integridad-de-defensora-de-derechos-de-la-mujer-en-honduras","status":"publish","type":"post","link":"https:\/\/mickyandoniehn.com\/radio\/2024\/03\/05\/instan-a-proteger-la-vida-e-integridad-de-defensora-de-derechos-de-la-mujer-en-honduras\/","title":{"rendered":"Instan a proteger la vida e integridad de Defensora de Derechos de la Mujer en Honduras"},"content":{"rendered":"<\/p>\n<p>El Comisionado Nacional de los Derechos Humanos de Honduras ha emitido un llamado urgente este martes, instando a las autoridades del pa\u00eds a tomar medidas inmediatas para proteger la vida y la integridad f\u00edsica de Ana Lizzeth Cruz, coordinadora de la Organizaci\u00f3n \u00abCalidad de Vida\u00bb y destacada defensora de los derechos de la mujer.<\/p>\n<p>Cruz se encuentra bajo una campa\u00f1a de desprestigio y desinformaci\u00f3n, poniendo en peligro su seguridad y bienestar.<\/p>\n<p>En un comunicado oficial, el ente estatal de derechos humanos ha solicitado a la Direcci\u00f3n General del Sistema de Protecci\u00f3n que realice an\u00e1lisis exhaustivos de riesgo a trav\u00e9s del Mecanismo de Protecci\u00f3n a Personas Defensoras, Periodistas, Comunicadores y Operadores de Justicia.<\/p>\n<p>Se espera que este an\u00e1lisis sea seguido de un plan de seguridad que incluya medidas de protecci\u00f3n tanto individuales como colectivas.<\/p>\n<p>El Ministerio P\u00fablico tambi\u00e9n ha sido instado a actuar con la debida diligencia en la investigaci\u00f3n de la situaci\u00f3n que enfrenta Cruz.<\/p>\n<p>El Conadeh ha expresado su profunda preocupaci\u00f3n por la campa\u00f1a de desprestigio y desinformaci\u00f3n dirigida contra Ana Lizzeth Cruz y su organizaci\u00f3n, \u00abCalidad de Vida\u00bb. Esta organizaci\u00f3n de la sociedad civil, activa desde 1996, trabaja incansablemente para prevenir y erradicar la violencia contra las mujeres en Honduras.<\/p>\n<p>El organismo estatal ha manifestado su total respaldo a Cruz y su organizaci\u00f3n, subrayando la necesidad urgente de promover una cultura de derechos y un ambiente libre de violencia y amenazas en el pa\u00eds.<\/p>\n<p>Adem\u00e1s, el Conadeh ha reconocido el valor y la importancia del trabajo realizado por los defensores de los derechos humanos en Honduras, y ha exhortado a una investigaci\u00f3n seria y efectiva de cualquier violaci\u00f3n de sus derechos.<\/p>\n<p>Esta solicitud de protecci\u00f3n se produce en un contexto en el que los defensores de los derechos humanos en Honduras contin\u00faan enfrentando amenazas y riesgos graves debido a su valiente labor en la protecci\u00f3n de los derechos fundamentales de la poblaci\u00f3n, especialmente de los grupos m\u00e1s vulnerables.<\/p>\n","protected":false},"excerpt":{"rendered":"<p>El Comisionado Nacional de los Derechos Humanos de Honduras ha emitido un llamado urgente este martes, instando a las autoridades del pa\u00eds a tomar medidas inmediatas para proteger la vida y la integridad f\u00edsica de Ana Lizzeth Cruz, coordinadora de la Organizaci\u00f3n \u00abCalidad de Vida\u00bb y destacada defensora de los derechos de la mujer. Cruz &hellip;<\/p>\n","protected":false},"author":0,"featured_media":68635,"comment_status":"open","ping_status":"open","sticky":false,"template":"","format":"standard","meta":{"_jetpack_memberships_contains_paid_content":false,"footnotes":""},"categories":[5],"tags":[],"class_list":["post-68634","post","type-post","status-publish","format-standard","has-post-thumbnail","","category-noticias"],"jetpack_sharing_enabled":true,"jetpack_featured_media_url":"https:\/\/mickyandoniehn.com\/radio\/wp-content\/uploads\/2024\/03\/DSC_0066-1536x1024-1-750x430-qRxtqU.jpeg","_links":{"self":[{"href":"https:\/\/mickyandoniehn.com\/radio\/wp-json\/wp\/v2\/posts\/68634","targetHints":{"allow":["GET"]}}],"collection":[{"href":"https:\/\/mickyandoniehn.com\/radio\/wp-json\/wp\/v2\/posts"}],"about":[{"href":"https:\/\/mickyandoniehn.com\/radio\/wp-json\/wp\/v2\/types\/post"}],"replies":[{"embeddable":true,"href":"https:\/\/mickyandoniehn.com\/radio\/wp-json\/wp\/v2\/comments?post=68634"}],"version-history":[{"count":0,"href":"https:\/\/mickyandoniehn.com\/radio\/wp-json\/wp\/v2\/posts\/68634\/revisions"}],"wp:featuredmedia":[{"embeddable":true,"href":"https:\/\/mickyandoniehn.com\/radio\/wp-json\/wp\/v2\/media\/68635"}],"wp:attachment":[{"href":"https:\/\/mickyandoniehn.com\/radio\/wp-json\/wp\/v2\/media?parent=68634"}],"wp:term":[{"taxonomy":"category","embeddable":true,"href":"https:\/\/mickyandoniehn.com\/radio\/wp-json\/wp\/v2\/categories?post=68634"},{"taxonomy":"post_tag","embeddable":true,"href":"https:\/\/mickyandoniehn.com\/radio\/wp-json\/wp\/v2\/tags?post=68634"}],"curies":[{"name":"wp","href":"https:\/\/api.w.org\/{rel}","templated":true}]}}