{"id":68624,"date":"2024-03-05T14:12:56","date_gmt":"2024-03-05T20:12:56","guid":{"rendered":"https:\/\/mickyandoniehn.com\/radio\/2024\/03\/05\/puerto-cortes-cumple-hoy-155-anos-de-creacion\/"},"modified":"2024-03-05T14:12:56","modified_gmt":"2024-03-05T20:12:56","slug":"puerto-cortes-cumple-hoy-155-anos-de-creacion","status":"publish","type":"post","link":"https:\/\/mickyandoniehn.com\/radio\/2024\/03\/05\/puerto-cortes-cumple-hoy-155-anos-de-creacion\/","title":{"rendered":"Puerto Cort\u00e9s cumple hoy 155 a\u00f1os de creaci\u00f3n"},"content":{"rendered":"<\/p>\n<p><strong>Puesto Cort\u00e9s. 05.03.2024<\/strong><\/p>\n<p class=\"mb-6\">En la entonces capital Comayagua fue donde el ex presidente Jos\u00e9 Mar\u00eda Medina firm\u00f3 el decreto ejecutivo del traslado de la Villa de la Natividad de San Juan Puerto Caballos a la pen\u00ednsula, donde hoy es Puerto Cort\u00e9s, para servir como base operativa del Ferrocarril Nacional de Honduras.<\/p>\n<p class=\"mb-6\">La firma del decreto presidencial se dio el 5 de marzo de 1866 y el documento ordenaba el traslado de la poblaci\u00f3n que habitaba en la villa (donde hoy es Cienaguita) hacia la creada ciudad para iniciar las tareas de construcci\u00f3n de la v\u00eda f\u00e9rrea.<\/p>\n<p class=\"mb-6\">Todo el movimiento de poblaci\u00f3n e inicio de los trabajos de lo que ser\u00eda en lo sucesivo el Ferrocarril Nacional de Honduras, FNH, fue sugerido por los ingenieros ingleses que tuvieron a su cargo el levantamiento topogr\u00e1fico de la pen\u00ednsula que fue considerada id\u00f3nea, adem\u00e1s, para instalaciones portuarias.<\/p>\n<p class=\"mb-6\">\n<p class=\"mb-6\">Pero el 5 de marzo de 1866 s\u00f3lo fue la firma del decreto de creaci\u00f3n de la nueva ciudad portuaria y meses despu\u00e9s se inici\u00f3 el traslado de los habitantes a la zona escogida. Luego, comenzaron los trabajos de instalaci\u00f3n del tendido de la l\u00ednea f\u00e9rrea bajo la direcci\u00f3n de los ingleses contratados con tal prop\u00f3sito.<\/p>\n<p class=\"mb-6\">Por consiguiente, el asentamiento humano fundado por el capit\u00e1n Gil Gonzales D\u00e1vila al mando de los espa\u00f1oles el 8 de septiembre de 1524 con el nombre de la Villa de Nuestra Se\u00f1ora de la Natividad de San Juan Puerto Caballos, dej\u00f3 de ser reconocida como tal y quedo anexada a Puerto Cort\u00e9s.<\/p>\n<p class=\"mb-6\">Pero lo que celebrar\u00e1n los porte\u00f1os este martes es la decisi\u00f3n presidencial de crear Puerto Cort\u00e9s por inter\u00e9s nacional ya que los ingleses estaban muy urgidos en tener un canal interoce\u00e1nico ferroviario que compitiera con los norteamericanos que ya buscaban en Panam\u00e1 una alternativa mar\u00edtima para unir el comercio mundial del Atl\u00e1ntico con el Pac\u00edfico.<\/p>\n<p class=\"mb-6\">\n<p class=\"mb-6\">El 5 de marzo, la ciudad cumple 155 a\u00f1os de haberse ordenado su creaci\u00f3n y en aquel momento se integr\u00f3 un consejo local para ejercer su autoridad sobre la poblaci\u00f3n que lleg\u00f3 a depender directamente de la gobernaci\u00f3n pol\u00edtica de Santa B\u00e1rbara. Bajo este r\u00e9gimen estuvo hasta el a\u00f1o de 1882, en que fue elevada a la categor\u00eda de municipio.<\/p>\n<p class=\"mb-6\">El 3 de abril de 1882 se celebr\u00f3 la sesi\u00f3n extraordinaria que cambi\u00f3 el gobierno local anterior por el municipal, sin hacerse referencia en el acta a ning\u00fan acuerdo del Ejecutivo ni a otra autoridad que haya autorizado el nuevo municipio, pues \u00fanicamente dicha acta se contrae a la instalaci\u00f3n del gobierno municipal y nombramiento de consejeros.<\/p>\n<p class=\"mb-6\">As\u00ed comenz\u00f3 a funcionar el nuevo municipio, cuya cabecera fue la ciudad de Puerto Cort\u00e9s. Ese gobierno local estuvo vigente cerca de 59 a\u00f1os, hasta el 1 de enero de 1941 cuando se inaugur\u00f3 el nuevo gobierno del distrito seccional creado por el Poder Ejecutivo, presidido por el general Tiburcio Car\u00edas Andino, en acuerdo n\u00famero 657 del 12 de noviembre de 1940.<\/p>\n<p>Fuente: latribuna.hn<\/p>\n","protected":false},"excerpt":{"rendered":"<p>Puesto Cort\u00e9s. 05.03.2024 En la entonces capital Comayagua fue donde el ex presidente Jos\u00e9 Mar\u00eda Medina firm\u00f3 el decreto ejecutivo del traslado de la Villa de la Natividad de San Juan Puerto Caballos a la pen\u00ednsula, donde hoy es Puerto Cort\u00e9s, para servir como base operativa del Ferrocarril Nacional de Honduras. La firma del decreto &hellip;<\/p>\n","protected":false},"author":0,"featured_media":68625,"comment_status":"open","ping_status":"open","sticky":false,"template":"","format":"standard","meta":{"_jetpack_memberships_contains_paid_content":false,"footnotes":""},"categories":[5],"tags":[],"class_list":["post-68624","post","type-post","status-publish","format-standard","has-post-thumbnail","","category-noticias"],"jetpack_sharing_enabled":true,"jetpack_featured_media_url":"https:\/\/mickyandoniehn.com\/radio\/wp-content\/uploads\/2024\/03\/Puerto-Cortes-cumple-hoy-155-anos-de-creacion-8gHcgm.jpeg","_links":{"self":[{"href":"https:\/\/mickyandoniehn.com\/radio\/wp-json\/wp\/v2\/posts\/68624","targetHints":{"allow":["GET"]}}],"collection":[{"href":"https:\/\/mickyandoniehn.com\/radio\/wp-json\/wp\/v2\/posts"}],"about":[{"href":"https:\/\/mickyandoniehn.com\/radio\/wp-json\/wp\/v2\/types\/post"}],"replies":[{"embeddable":true,"href":"https:\/\/mickyandoniehn.com\/radio\/wp-json\/wp\/v2\/comments?post=68624"}],"version-history":[{"count":0,"href":"https:\/\/mickyandoniehn.com\/radio\/wp-json\/wp\/v2\/posts\/68624\/revisions"}],"wp:featuredmedia":[{"embeddable":true,"href":"https:\/\/mickyandoniehn.com\/radio\/wp-json\/wp\/v2\/media\/68625"}],"wp:attachment":[{"href":"https:\/\/mickyandoniehn.com\/radio\/wp-json\/wp\/v2\/media?parent=68624"}],"wp:term":[{"taxonomy":"category","embeddable":true,"href":"https:\/\/mickyandoniehn.com\/radio\/wp-json\/wp\/v2\/categories?post=68624"},{"taxonomy":"post_tag","embeddable":true,"href":"https:\/\/mickyandoniehn.com\/radio\/wp-json\/wp\/v2\/tags?post=68624"}],"curies":[{"name":"wp","href":"https:\/\/api.w.org\/{rel}","templated":true}]}}