{"id":68622,"date":"2024-03-05T14:12:55","date_gmt":"2024-03-05T20:12:55","guid":{"rendered":"https:\/\/mickyandoniehn.com\/radio\/2024\/03\/05\/bazar-con-emprendedores-dinamizara-economia-en-tela\/"},"modified":"2024-03-05T14:12:55","modified_gmt":"2024-03-05T20:12:55","slug":"bazar-con-emprendedores-dinamizara-economia-en-tela","status":"publish","type":"post","link":"https:\/\/mickyandoniehn.com\/radio\/2024\/03\/05\/bazar-con-emprendedores-dinamizara-economia-en-tela\/","title":{"rendered":"Bazar con emprendedores dinamizar\u00e1 econom\u00eda en Tela"},"content":{"rendered":"<\/p>\n<p><strong>Tela, Atl\u00e1ntida. 05.03.2024<\/strong><\/p>\n<p class=\"mb-6\">Un bazar con emprendedores se desarrollar\u00e1 en el bulevar costero de Tela, Atl\u00e1ntida, con el objetivo de dinamizar la econom\u00eda y apoyar a Micro Peque\u00f1os y Medianos Empresarios (Mipymes) en la comercializaci\u00f3n de productos hechos en Honduras.<\/p>\n<p class=\"mb-6\">Esta iniciativa a desarrollarse es el 16 de marzo, previo a la Semana Santa, no solo brindar\u00e1 una plataforma para que los emprendedores muestren sus art\u00edculos, sino que tambi\u00e9n, les ofrece una oportunidad \u00fanica para llegar directamente a los veraneantes y turistas que visitan la zona, expres\u00f3 en conferencia de prensa, el presidente de la C\u00e1mara de Comercio de Tela, Carlos \u00c1vila.<\/p>\n<p class=\"mb-6\">Este tipo de eventos est\u00e1n fomentando el desarrollo econ\u00f3mico local y promoviendo el esp\u00edritu emprendedor en la comunidad, destac\u00f3.<\/p>\n<p class=\"mb-6\">Adem\u00e1s, al ubicar el bazar cerca de las playas, est\u00e1n aprovechando un entorno atractivo y concurrido para atraer a un mayor n\u00famero de visitantes, lo que podr\u00eda generar m\u00e1s oportunidades de ventas y Networking para los emprendedores participantes en el marco de la Semana Santa.<\/p>\n<p>Las playas de Tela lucieron llenas durante el fin de semana.<\/p>\n<p class=\"mb-6\">Por su parte, otro de los organizadores del bazar, Mario Moti\u00f1o, indic\u00f3 que trabajan en la limpieza de playas y en promover la conciencia ambiental en la ciudad con colaboraci\u00f3n de Tela Divers y la C\u00e1mara de Comercio para mostrar un compromiso s\u00f3lido con la protecci\u00f3n del medio ambiente y la preservaci\u00f3n de nuestros ecosistemas marinos.<\/p>\n<p class=\"mb-6\">La basura pl\u00e1stica es un problema global que afecta no solo a nuestras playas, sino tambi\u00e9n a la vida marina y al equilibrio ecol\u00f3gico de los oc\u00e9anos, agreg\u00f3 Moti\u00f1o.<\/p>\n<p class=\"mb-6\">Es importante se\u00f1alar que el pez le\u00f3n es una especie invasora en muchas regiones, incluidas algunas partes de Am\u00e9rica Latina. Aunque es cierto que su carne puede ser considerada sabrosa por algunos, promover su consumo podr\u00eda tener consecuencias negativas para los ecosistemas marinos.<\/p>\n<p class=\"mb-6\">En el emocionante y esperado bazar de la playa, se presentar\u00e1 una irresistible oferta gastron\u00f3mica con la presencia estelar del riqu\u00edsimo pez le\u00f3n.<\/p>\n<p class=\"mb-6\">Este manjar, reconocido por su exquisito sabor, se anticipa como el plato predilecto de los visitantes, expreso \u00c1vila.<\/p>\n<p class=\"mb-6\">Con su peculiar gusto y textura, el pez le\u00f3n a\u00f1adir\u00e1 un toque culinario distintivo al evento, prometiendo una experiencia gastron\u00f3mica inolvidable para aquellos que se sumerjan en esta deliciosa propuesta durante el bazar. (RL)<\/p>\n<p>Carlos \u00c1vila, presidente de la C\u00e1mara de Comercio, y Mario Moti\u00f1o, vocal 1.<br \/>\nEl reconocido chef Alex Villalta ser\u00e1 el encargado de preparar el pez le\u00f3n.<br \/>\nLos turistas podr\u00e1n disfrutar de las delicias de la gastronom\u00eda de la temporada veraniega.Fuente: latribuna.hn<\/p>\n","protected":false},"excerpt":{"rendered":"<p>Tela, Atl\u00e1ntida. 05.03.2024 Un bazar con emprendedores se desarrollar\u00e1 en el bulevar costero de Tela, Atl\u00e1ntida, con el objetivo de dinamizar la econom\u00eda y apoyar a Micro Peque\u00f1os y Medianos Empresarios (Mipymes) en la comercializaci\u00f3n de productos hechos en Honduras. Esta iniciativa a desarrollarse es el 16 de marzo, previo a la Semana Santa, no &hellip;<\/p>\n","protected":false},"author":0,"featured_media":68623,"comment_status":"open","ping_status":"open","sticky":false,"template":"","format":"standard","meta":{"_jetpack_memberships_contains_paid_content":false,"footnotes":""},"categories":[5],"tags":[],"class_list":["post-68622","post","type-post","status-publish","format-standard","has-post-thumbnail","","category-noticias"],"jetpack_sharing_enabled":true,"jetpack_featured_media_url":"https:\/\/mickyandoniehn.com\/radio\/wp-content\/uploads\/2024\/03\/BAZAR-TELA-j52VND.jpeg","_links":{"self":[{"href":"https:\/\/mickyandoniehn.com\/radio\/wp-json\/wp\/v2\/posts\/68622","targetHints":{"allow":["GET"]}}],"collection":[{"href":"https:\/\/mickyandoniehn.com\/radio\/wp-json\/wp\/v2\/posts"}],"about":[{"href":"https:\/\/mickyandoniehn.com\/radio\/wp-json\/wp\/v2\/types\/post"}],"replies":[{"embeddable":true,"href":"https:\/\/mickyandoniehn.com\/radio\/wp-json\/wp\/v2\/comments?post=68622"}],"version-history":[{"count":0,"href":"https:\/\/mickyandoniehn.com\/radio\/wp-json\/wp\/v2\/posts\/68622\/revisions"}],"wp:featuredmedia":[{"embeddable":true,"href":"https:\/\/mickyandoniehn.com\/radio\/wp-json\/wp\/v2\/media\/68623"}],"wp:attachment":[{"href":"https:\/\/mickyandoniehn.com\/radio\/wp-json\/wp\/v2\/media?parent=68622"}],"wp:term":[{"taxonomy":"category","embeddable":true,"href":"https:\/\/mickyandoniehn.com\/radio\/wp-json\/wp\/v2\/categories?post=68622"},{"taxonomy":"post_tag","embeddable":true,"href":"https:\/\/mickyandoniehn.com\/radio\/wp-json\/wp\/v2\/tags?post=68622"}],"curies":[{"name":"wp","href":"https:\/\/api.w.org\/{rel}","templated":true}]}}