{"id":68616,"date":"2024-03-05T12:12:58","date_gmt":"2024-03-05T18:12:58","guid":{"rendered":"https:\/\/mickyandoniehn.com\/radio\/2024\/03\/05\/honduras-en-la-historia-5-de-marzo-de-1953-se-crea-el-municipio-de-dulce-nombre-departamento-de-copan\/"},"modified":"2024-03-05T12:12:58","modified_gmt":"2024-03-05T18:12:58","slug":"honduras-en-la-historia-5-de-marzo-de-1953-se-crea-el-municipio-de-dulce-nombre-departamento-de-copan","status":"publish","type":"post","link":"https:\/\/mickyandoniehn.com\/radio\/2024\/03\/05\/honduras-en-la-historia-5-de-marzo-de-1953-se-crea-el-municipio-de-dulce-nombre-departamento-de-copan\/","title":{"rendered":"Honduras en la Historia: 5 de marzo de 1953 se crea el municipio de Dulce Nombre departamento de Cop\u00e1n"},"content":{"rendered":"<\/p>\n<p>Dulce Nombre de Mar\u00eda es un municipio con una poblaci\u00f3n\u00a0predominantemente mestiza y descendencia ind\u00edgena (Chorti y espa\u00f1ol). Fue fundado a mediados del siglo XIX durante la \u00e9poca colonial bajo la jurisdicci\u00f3n de la intendencia de Gracias a Dios. Las primeras familias que se establecieron eran inmigrantes de Chalatenango, Rep\u00fablica de el Salvador, quienes se ubicaron en el sitio denominado las c\u00e1scaras, al sur de la actual cabecera.<\/p>\n<p>Posteriormente, a causa de la epidemia del c\u00f3lera que afect\u00f3 el poblado, los sobrevivientes abandonaron el lugar y por iniciativa de don Salome Erazo se trasladaron al lugar que actualmente ocupa. Los inmigrantes fueron atra\u00eddos por el buen clima, abundancia de agua, y excelentes tierras para el trabajo, lo que permiti\u00f3 la llegada de algunas personas como Don Salom\u00e9 Murcia, Juan Ard\u00f3n, Josefa Ard\u00f3n, Nieves Erazo, Josefa Membre\u00f1o, Hilaria Ch\u00e1vez y don Servando Medina.<\/p>\n<p>Gracias al inter\u00e9s de la familia Ard\u00f3n fue posible el establecimiento del poblado ya que ella don\u00f3 el predio donde se encuentra actualmente asentada la cabecera municipal.<\/p>\n<p>En el a\u00f1o de 1887\u00a0 ten\u00eda el nombre\u00a0 de Las Cascara, en 1907 por acuerdo del poder ejecutivo, a iniciativa del Lic. Jer\u00f3nimo J. Reina, se elev\u00f3 a categor\u00eda de municipio, separ\u00e1ndola de Santa Rosa de Cop\u00e1n, el 1ero. De agosto de 1928 es cabecera del Distrito Departamental de, el 12 de noviembre de 1940 forma parte del Distrito Departamental de Santa Rosa de Cop\u00e1n, 1943 se pide la segregaci\u00f3n del municipio y el 5 de marzo de 1953 fue elevado a categor\u00eda de ciudad.<\/p>\n<p>Entre los aspectos sociales y pol\u00edticos relevantes del municipio podemos mencionar que el primer alcalde municipal fue el se\u00f1or Santos Alvarado; en 1953 don Jos\u00e9 Francisco Membre\u00f1o construy\u00f3 el actual edificio municipal, que hasta ese entonces funcionaba en una casa particular.<\/p>\n<p>\u00a0<\/p><\/p>\n","protected":false},"excerpt":{"rendered":"<p>Dulce Nombre de Mar\u00eda es un municipio con una poblaci\u00f3n\u00a0predominantemente mestiza y descendencia ind\u00edgena (Chorti y espa\u00f1ol). Fue fundado a mediados del siglo XIX durante la \u00e9poca colonial bajo la jurisdicci\u00f3n de la intendencia de Gracias a Dios. Las primeras familias que se establecieron eran inmigrantes de Chalatenango, Rep\u00fablica de el Salvador, quienes se ubicaron &hellip;<\/p>\n","protected":false},"author":0,"featured_media":68617,"comment_status":"open","ping_status":"open","sticky":false,"template":"","format":"standard","meta":{"_jetpack_memberships_contains_paid_content":false,"footnotes":""},"categories":[5],"tags":[],"class_list":["post-68616","post","type-post","status-publish","format-standard","has-post-thumbnail","","category-noticias"],"jetpack_sharing_enabled":true,"jetpack_featured_media_url":"https:\/\/mickyandoniehn.com\/radio\/wp-content\/uploads\/2024\/03\/Diapositiva1.3-FaSQtK.png","_links":{"self":[{"href":"https:\/\/mickyandoniehn.com\/radio\/wp-json\/wp\/v2\/posts\/68616","targetHints":{"allow":["GET"]}}],"collection":[{"href":"https:\/\/mickyandoniehn.com\/radio\/wp-json\/wp\/v2\/posts"}],"about":[{"href":"https:\/\/mickyandoniehn.com\/radio\/wp-json\/wp\/v2\/types\/post"}],"replies":[{"embeddable":true,"href":"https:\/\/mickyandoniehn.com\/radio\/wp-json\/wp\/v2\/comments?post=68616"}],"version-history":[{"count":0,"href":"https:\/\/mickyandoniehn.com\/radio\/wp-json\/wp\/v2\/posts\/68616\/revisions"}],"wp:featuredmedia":[{"embeddable":true,"href":"https:\/\/mickyandoniehn.com\/radio\/wp-json\/wp\/v2\/media\/68617"}],"wp:attachment":[{"href":"https:\/\/mickyandoniehn.com\/radio\/wp-json\/wp\/v2\/media?parent=68616"}],"wp:term":[{"taxonomy":"category","embeddable":true,"href":"https:\/\/mickyandoniehn.com\/radio\/wp-json\/wp\/v2\/categories?post=68616"},{"taxonomy":"post_tag","embeddable":true,"href":"https:\/\/mickyandoniehn.com\/radio\/wp-json\/wp\/v2\/tags?post=68616"}],"curies":[{"name":"wp","href":"https:\/\/api.w.org\/{rel}","templated":true}]}}