{"id":68614,"date":"2024-03-05T11:12:31","date_gmt":"2024-03-05T17:12:31","guid":{"rendered":"http:\/\/mickyandoniehn.com\/radio\/2024\/03\/05\/caida-de-facebook-e-instagram-usuarios-reportan-falla-este-5-de-marzo-de-2024\/"},"modified":"2024-03-05T11:12:31","modified_gmt":"2024-03-05T17:12:31","slug":"caida-de-facebook-e-instagram-usuarios-reportan-falla-este-5-de-marzo-de-2024","status":"publish","type":"post","link":"https:\/\/mickyandoniehn.com\/radio\/2024\/03\/05\/caida-de-facebook-e-instagram-usuarios-reportan-falla-este-5-de-marzo-de-2024\/","title":{"rendered":"Ca\u00edda de Facebook e Instagram: usuarios reportan falla este 5 de marzo de 2024"},"content":{"rendered":"<\/p>\n<p>Usuarios de distintas partes del mundo han evidenciado su molestia debido a que no han podido ingresar a sus perfiles en Facebook e Instagram, este martes 5 de marzo.<\/p>\n<p>Seg\u00fan DownDetector, la plataforma especializada en el rastreo de este tipo de problemas, ambos servicios han experimentado inconvenientes.<\/p>\n<div class=\"col-md-5 col-lg-2 col-xxl-3 two-columns-more-ad__col-ad p-3\">\n<div class=\"position-sticky two-columns-more-ad__ad news-with-medium-headline-container__desktop-column-banner\">\n<div class=\"dfp-ad dfp-pl_inl\">\n<div><\/div>\n<\/div>\n<\/div>\n<\/div>\n<p>Las ca\u00eddas del servicio de Facebook y de Instagram se reportaron a partir de las 9 horas (horario Honduras), luego de que usuarios alertaron la falla.<\/p>\n<p>Facebook presenta fallas este 5 de marzo de 2024. (Foto Prensa Libre: Downdetector)<\/p>\n<p>Las plataformas sacaron a los usuarios de sus cuentas en las aplicaciones y en la actualidad no pueden conectarse por esa v\u00eda y tampoco v\u00eda web.<\/p>\n<p>Instagram presenta fallas este 5 de marzo de 2024. (Foto Prensa Libre: Downdetector)<\/p>\n<h2 class=\"wp-block-heading\">Postura oficial<\/h2>\n<p>Andy Stone, l\u00edder de comunicaci\u00f3n en Meta se pronunci\u00f3 en X (antes Twitter) y dijo que la compa\u00f1\u00eda trabaja en soluciones. \u00abSomos conscientes de que las personas tienen problemas para acceder a nuestros servicios. Estamos trabajando en esto ahora\u00bb, public\u00f3 Stone.<\/p>\n<div class=\"twitter-tweet twitter-tweet-rendered\"><\/div>\n","protected":false},"excerpt":{"rendered":"<p>Usuarios de distintas partes del mundo han evidenciado su molestia debido a que no han podido ingresar a sus perfiles en Facebook e Instagram, este martes 5 de marzo. Seg\u00fan DownDetector, la plataforma especializada en el rastreo de este tipo de problemas, ambos servicios han experimentado inconvenientes. Las ca\u00eddas del servicio de Facebook y de &hellip;<\/p>\n","protected":false},"author":0,"featured_media":68615,"comment_status":"open","ping_status":"open","sticky":false,"template":"","format":"standard","meta":{"_jetpack_memberships_contains_paid_content":false,"footnotes":""},"categories":[5],"tags":[],"class_list":["post-68614","post","type-post","status-publish","format-standard","has-post-thumbnail","","category-noticias"],"jetpack_sharing_enabled":true,"jetpack_featured_media_url":"https:\/\/mickyandoniehn.com\/radio\/wp-content\/uploads\/2024\/03\/Captura-W3EkpG.jpeg","_links":{"self":[{"href":"https:\/\/mickyandoniehn.com\/radio\/wp-json\/wp\/v2\/posts\/68614","targetHints":{"allow":["GET"]}}],"collection":[{"href":"https:\/\/mickyandoniehn.com\/radio\/wp-json\/wp\/v2\/posts"}],"about":[{"href":"https:\/\/mickyandoniehn.com\/radio\/wp-json\/wp\/v2\/types\/post"}],"replies":[{"embeddable":true,"href":"https:\/\/mickyandoniehn.com\/radio\/wp-json\/wp\/v2\/comments?post=68614"}],"version-history":[{"count":0,"href":"https:\/\/mickyandoniehn.com\/radio\/wp-json\/wp\/v2\/posts\/68614\/revisions"}],"wp:featuredmedia":[{"embeddable":true,"href":"https:\/\/mickyandoniehn.com\/radio\/wp-json\/wp\/v2\/media\/68615"}],"wp:attachment":[{"href":"https:\/\/mickyandoniehn.com\/radio\/wp-json\/wp\/v2\/media?parent=68614"}],"wp:term":[{"taxonomy":"category","embeddable":true,"href":"https:\/\/mickyandoniehn.com\/radio\/wp-json\/wp\/v2\/categories?post=68614"},{"taxonomy":"post_tag","embeddable":true,"href":"https:\/\/mickyandoniehn.com\/radio\/wp-json\/wp\/v2\/tags?post=68614"}],"curies":[{"name":"wp","href":"https:\/\/api.w.org\/{rel}","templated":true}]}}