{"id":68612,"date":"2024-03-05T08:12:45","date_gmt":"2024-03-05T14:12:45","guid":{"rendered":"http:\/\/mickyandoniehn.com\/radio\/2024\/03\/05\/05-de-marzo-dia-mundial-de-la-eficiencia-energetica\/"},"modified":"2024-03-05T08:12:45","modified_gmt":"2024-03-05T14:12:45","slug":"05-de-marzo-dia-mundial-de-la-eficiencia-energetica","status":"publish","type":"post","link":"https:\/\/mickyandoniehn.com\/radio\/2024\/03\/05\/05-de-marzo-dia-mundial-de-la-eficiencia-energetica\/","title":{"rendered":"05 De Marzo-D\u00eda Mundial de la Eficiencia Energ\u00e9tica"},"content":{"rendered":"<p><strong>En celebraciones del d\u00eda cinco de marzo, D\u00eda Mundial de la Eficiencia Energ\u00e9tica<\/strong><\/p>\n<\/p>\n<p><strong>El 5 de marzo se celebra el D\u00eda Mundial de la Eficiencia Energ\u00e9tica<\/strong>, con la finalidad de reflexionar y crear conciencia de la importancia del uso racional de la energ\u00eda para el propio bien de la raza humana, ya que, de continuar su despilfarro, esto traer\u00eda consecuencias irreparables para el planeta entero.<\/p>\n<p><strong>Origen del D\u00eda Mundial de la Eficiencia Energ\u00e9tica<\/strong><\/p>\n<p>Todo comienza en el a\u00f1o 1998, en una\u00a0<strong><em>Conferencia Internacional celebrada en Austria<\/em><\/strong>\u00a0donde se acord\u00f3 crear un d\u00eda que fuese emblem\u00e1tico para el mundo, de la importancia de cuidar y hacer un uso consciente y responsable de la energ\u00eda, que es vital para la vida.<\/p>\n<p>En este encuentro se debati\u00f3 sobre crear estrategias para ampliar la diversificaci\u00f3n energ\u00e9tica a trav\u00e9s de otras fuentes como las energ\u00edas renovables y la\u00a0<strong>reducci\u00f3n de los combustibles f\u00f3siles<\/strong>.<\/p>\n<p><strong>\u00bfQu\u00e9 es la eficiencia energ\u00e9tica?<\/strong><\/p>\n<p>Tener claro este concepto, es fundamental, para que las personas entiendan de qu\u00e9 va todo esto.<\/p>\n<p>La eficiencia energ\u00e9tica, no tiene nada que ver con lo que mucha gente se imagina, es decir, dejar de seguir viviendo una vida llena de confort. Todo lo contrario.<\/p>\n<p>Lo que se busca es mejorar la calidad de vida, pero sin perjudicar los recursos y la energ\u00eda que es tan necesaria para el d\u00eda a d\u00eda.<\/p>\n<p>En este sentido, lo importante es optimizar en la medida de lo posible la energ\u00eda a trav\u00e9s de otras fuentes mucho m\u00e1s sostenibles, como, por ejemplo,\u00a0<strong>las energ\u00edas renovables, introducir la pr\u00e1ctica del reciclaje, usar fuentes de energ\u00eda limpia, utilizar la energ\u00eda solar y e\u00f3lica<\/strong>, etc.<\/p>\n<p>S\u00ed de manera consciente y responsable comenzamos hoy mismo con nuestro granito de arena, para que cada d\u00eda haya una mayor eficiencia energ\u00e9tica, el planeta ser\u00e1 un lugar mejor para todos.<\/p>\n<p>Puedes poner en pr\u00e1ctica estos sencillos consejos, que har\u00e1n la gran diferencia.<\/p>\n<p>Usa bombillas de bajo consumo (<strong><em>LED<\/em><\/strong>), consumen menos energ\u00eda.<br \/>\nEvita dejar las luces encendidas, si no le est\u00e1s dando uso.<br \/>\nAseg\u00farate de no dejar los cargadores de los tel\u00e9fonos m\u00f3viles en el enchufe.<br \/>\nLava y plancha la ropa, si es posible de una sola vez y as\u00ed ahorrar\u00e1s m\u00e1s energ\u00eda.<br \/>\nApagar todos aquellos equipos que no est\u00e9s usando, ordenadores, televisores, etc.<br \/>\nAprovechar al m\u00e1ximo la luz natural en nuestras actividades diarias y as\u00ed evitar el uso desmedido de la luz artificial.<br \/>\nDisminuir el uso de nuestros veh\u00edculos y optar por otros medios de transporte.<\/p>\n<p>Cr\u00e9ditos tomados por:<\/p>\n<p><a href=\"https:\/\/www.diainternacionalde.com\/ficha\/dia-mundial-eficiencia-energetica\">https:\/\/www.diainternacionalde.com\/ficha\/dia-mundial-eficiencia-energetica<\/a><\/p>\n","protected":false},"excerpt":{"rendered":"<p>En celebraciones del d\u00eda cinco de marzo, D\u00eda Mundial de la Eficiencia Energ\u00e9tica El 5 de marzo se celebra el D\u00eda Mundial de la Eficiencia Energ\u00e9tica, con la finalidad de reflexionar y crear conciencia de la importancia del uso racional de la energ\u00eda para el propio bien de la raza humana, ya que, de continuar &hellip;<\/p>\n","protected":false},"author":0,"featured_media":0,"comment_status":"open","ping_status":"open","sticky":false,"template":"","format":"standard","meta":{"_jetpack_memberships_contains_paid_content":false,"footnotes":""},"categories":[5],"tags":[],"class_list":["post-68612","post","type-post","status-publish","format-standard","","category-noticias"],"jetpack_sharing_enabled":true,"jetpack_featured_media_url":"","_links":{"self":[{"href":"https:\/\/mickyandoniehn.com\/radio\/wp-json\/wp\/v2\/posts\/68612","targetHints":{"allow":["GET"]}}],"collection":[{"href":"https:\/\/mickyandoniehn.com\/radio\/wp-json\/wp\/v2\/posts"}],"about":[{"href":"https:\/\/mickyandoniehn.com\/radio\/wp-json\/wp\/v2\/types\/post"}],"replies":[{"embeddable":true,"href":"https:\/\/mickyandoniehn.com\/radio\/wp-json\/wp\/v2\/comments?post=68612"}],"version-history":[{"count":0,"href":"https:\/\/mickyandoniehn.com\/radio\/wp-json\/wp\/v2\/posts\/68612\/revisions"}],"wp:attachment":[{"href":"https:\/\/mickyandoniehn.com\/radio\/wp-json\/wp\/v2\/media?parent=68612"}],"wp:term":[{"taxonomy":"category","embeddable":true,"href":"https:\/\/mickyandoniehn.com\/radio\/wp-json\/wp\/v2\/categories?post=68612"},{"taxonomy":"post_tag","embeddable":true,"href":"https:\/\/mickyandoniehn.com\/radio\/wp-json\/wp\/v2\/tags?post=68612"}],"curies":[{"name":"wp","href":"https:\/\/api.w.org\/{rel}","templated":true}]}}