{"id":68609,"date":"2024-03-05T07:12:53","date_gmt":"2024-03-05T13:12:53","guid":{"rendered":"https:\/\/mickyandoniehn.com\/radio\/2024\/03\/05\/honduras-en-la-historia-5-de-marzo-1830-morazan-toma-posesion-de-la-republica-federal-de-centroamerica\/"},"modified":"2024-03-05T07:12:53","modified_gmt":"2024-03-05T13:12:53","slug":"honduras-en-la-historia-5-de-marzo-1830-morazan-toma-posesion-de-la-republica-federal-de-centroamerica","status":"publish","type":"post","link":"https:\/\/mickyandoniehn.com\/radio\/2024\/03\/05\/honduras-en-la-historia-5-de-marzo-1830-morazan-toma-posesion-de-la-republica-federal-de-centroamerica\/","title":{"rendered":"Honduras en la Historia: 5 de marzo 1830, Moraz\u00e1n toma posesi\u00f3n de la Rep\u00fablica Federal de Centroam\u00e9rica"},"content":{"rendered":"<\/p>\n<p>Despu\u00e9s de su victoria en las elecciones de 1829, Francisco Moraz\u00e1n tom\u00f3 posesi\u00f3n de la Rep\u00fablica Federal de Centroam\u00e9rica al a\u00f1o siguiente, prometiendo restaurar la autoridad del Gobierno Federal. Durante este per\u00edodo de incertidumbre, el General; tuvo que adoptar un papel de un gobernante unionista. Mientras al mismo tiempo, trataba de implementar sus \u2018Reformas liberales\u2019.<\/p>\n<p><strong>Miskito<\/strong><\/p>\n<p>Fraidi,05 Kakamuk Katy 1830<br \/>\nMorazan Centroamerica Rep\u00fablica Federalka Posesion Tomar munan<br \/>\n1829 eleccionka ra wen takan wina, Francisco Moraz\u00e1n Centro America Rep\u00fablica Federalka posesi\u00f3n tomar munan mani wala, Gobierno Federal witkika ba restaurar munaia pramas munan. Naha incertidumbre periodoka taimkara, General, gobernante unionista papelka kum adoptar munan. Mientras sin taimka ra \u201cReforma Liberal nani\u201d ba implementar munaia dukiara tratar munan.<\/p>\n<p><strong>Garifuna<\/strong><\/p>\n<p>Wandaradi , seing\u00fc , lidan \u00fcr\u00fcwa hati , milu wid\u00fc san darandi<br \/>\nLar\u00fcg\u00fcd\u00fcni Moraz\u00e1n Ub\u00e1fu Lamida Meriga<br \/>\nLarige buga laga\u00f1erun abuduhani irumu milu wid\u00fc san wein nefu , Lar\u00fcg\u00fcd\u00fcni Moraz\u00e1n Ub\u00e1fu Lamida Meriga , luw\u00eaguwa irumu , ari\u00f1agati yebe laraserubai lan sun eibuguni laganaguwa ,Laganuguwa dan ligia , m\u00f4su liy\u00e2bui Generali ad\u00fcga ban uwei le aundarati samina\u00fc . aniha ge aucha lad\u00fcg\u00fc lun \u00f1eibai lan awanseruni lidan sun Lamida Meriga.<\/p><\/p>\n","protected":false},"excerpt":{"rendered":"<p>Despu\u00e9s de su victoria en las elecciones de 1829, Francisco Moraz\u00e1n tom\u00f3 posesi\u00f3n de la Rep\u00fablica Federal de Centroam\u00e9rica al a\u00f1o siguiente, prometiendo restaurar la autoridad del Gobierno Federal. Durante este per\u00edodo de incertidumbre, el General; tuvo que adoptar un papel de un gobernante unionista. Mientras al mismo tiempo, trataba de implementar sus \u2018Reformas liberales\u2019. &hellip;<\/p>\n","protected":false},"author":0,"featured_media":68610,"comment_status":"open","ping_status":"open","sticky":false,"template":"","format":"standard","meta":{"_jetpack_memberships_contains_paid_content":false,"footnotes":""},"categories":[5],"tags":[],"class_list":["post-68609","post","type-post","status-publish","format-standard","has-post-thumbnail","","category-noticias"],"jetpack_sharing_enabled":true,"jetpack_featured_media_url":"https:\/\/mickyandoniehn.com\/radio\/wp-content\/uploads\/2024\/03\/5.2-PR6b4u.jpeg","_links":{"self":[{"href":"https:\/\/mickyandoniehn.com\/radio\/wp-json\/wp\/v2\/posts\/68609","targetHints":{"allow":["GET"]}}],"collection":[{"href":"https:\/\/mickyandoniehn.com\/radio\/wp-json\/wp\/v2\/posts"}],"about":[{"href":"https:\/\/mickyandoniehn.com\/radio\/wp-json\/wp\/v2\/types\/post"}],"replies":[{"embeddable":true,"href":"https:\/\/mickyandoniehn.com\/radio\/wp-json\/wp\/v2\/comments?post=68609"}],"version-history":[{"count":0,"href":"https:\/\/mickyandoniehn.com\/radio\/wp-json\/wp\/v2\/posts\/68609\/revisions"}],"wp:featuredmedia":[{"embeddable":true,"href":"https:\/\/mickyandoniehn.com\/radio\/wp-json\/wp\/v2\/media\/68610"}],"wp:attachment":[{"href":"https:\/\/mickyandoniehn.com\/radio\/wp-json\/wp\/v2\/media?parent=68609"}],"wp:term":[{"taxonomy":"category","embeddable":true,"href":"https:\/\/mickyandoniehn.com\/radio\/wp-json\/wp\/v2\/categories?post=68609"},{"taxonomy":"post_tag","embeddable":true,"href":"https:\/\/mickyandoniehn.com\/radio\/wp-json\/wp\/v2\/tags?post=68609"}],"curies":[{"name":"wp","href":"https:\/\/api.w.org\/{rel}","templated":true}]}}