{"id":68607,"date":"2024-03-05T07:12:51","date_gmt":"2024-03-05T13:12:51","guid":{"rendered":"https:\/\/mickyandoniehn.com\/radio\/2024\/03\/05\/honduras-en-la-historia-5-de-marzo-1794-carlos-iv-pide-informes\/"},"modified":"2024-03-05T07:12:51","modified_gmt":"2024-03-05T13:12:51","slug":"honduras-en-la-historia-5-de-marzo-1794-carlos-iv-pide-informes","status":"publish","type":"post","link":"https:\/\/mickyandoniehn.com\/radio\/2024\/03\/05\/honduras-en-la-historia-5-de-marzo-1794-carlos-iv-pide-informes\/","title":{"rendered":"Honduras en la Historia: 5 de marzo 1794,  Carlos IV pide informes"},"content":{"rendered":"<\/p>\n<p>El Rey Carlos IV de Espa\u00f1a se de dirigi\u00f3 al capit\u00e1n General de Centro Am\u00e9rica Brigadier Bernardo Troncoso Mart\u00ednez de Rinc\u00f3n, pidi\u00e9ndole que informa detenidamente acerca de los puntos contenidos de una representaci\u00f3n escrita a la Corte por el Gobernador Intendente de Honduras don Alejo Garc\u00eda, enviada con fecha 20 de octubre de 1791.<\/p>\n<p>La representaci\u00f3n enviada por el Gobernador Intendente Garc\u00eda Conde dec\u00eda al Rey que para evitarse \u00e9l responsabilidades por lo que pudiera sobrevenir en la Costa de los Mosquitos, participaba que se hab\u00eda errado a toda las disposiciones al hacer establecimientos poblacionales en el territorio mosquitos que ca\u00eda bajo jurisdicci\u00f3n de la Gobernaci\u00f3n su carab\u00edgo, \u00a0aunque estos establecimientos hab\u00eda sido dejado bajo la dependencia directa de la Capitan\u00eda General.<\/p>\n<p>El Rey Carlos IV ped\u00eda al Mariscal troncoso Mart\u00ednez del Rinc\u00f3n que informara sobre los gastos que hab\u00eda sido hechos en el establecimiento de los citados centros de poblaci\u00f3n, sobre enfermedades y muertes de los colonos, sobre el arreglo y polic\u00eda establecidos en tales pueblos y sobre si ser\u00eda conveniente poner en ellos\u00a0 compa\u00f1\u00edas fijas de milicianos, reducir el regimiento veterano a un solo batall\u00f3n, redificar la ciudad de Trujillo, punto principal de la secci\u00f3n que se quer\u00eda colonizar, usando mejores materiales y situar nuevas colonias en Bluefields y en el rio San Juan, proporcionando otras noticias que sobre esa materia hab\u00eda sido solicitada desde 1790.<\/p>\n<\/p>\n<p>*Fuente: Efem\u00e9rides Nacionales (V\u00edctor C\u00e1ceres Lara)<\/p><\/p>\n","protected":false},"excerpt":{"rendered":"<p>El Rey Carlos IV de Espa\u00f1a se de dirigi\u00f3 al capit\u00e1n General de Centro Am\u00e9rica Brigadier Bernardo Troncoso Mart\u00ednez de Rinc\u00f3n, pidi\u00e9ndole que informa detenidamente acerca de los puntos contenidos de una representaci\u00f3n escrita a la Corte por el Gobernador Intendente de Honduras don Alejo Garc\u00eda, enviada con fecha 20 de octubre de 1791. La &hellip;<\/p>\n","protected":false},"author":0,"featured_media":68608,"comment_status":"open","ping_status":"open","sticky":false,"template":"","format":"standard","meta":{"_jetpack_memberships_contains_paid_content":false,"footnotes":""},"categories":[5],"tags":[],"class_list":["post-68607","post","type-post","status-publish","format-standard","has-post-thumbnail","","category-noticias"],"jetpack_sharing_enabled":true,"jetpack_featured_media_url":"https:\/\/mickyandoniehn.com\/radio\/wp-content\/uploads\/2024\/03\/5.1-x3Nrrk.jpeg","_links":{"self":[{"href":"https:\/\/mickyandoniehn.com\/radio\/wp-json\/wp\/v2\/posts\/68607","targetHints":{"allow":["GET"]}}],"collection":[{"href":"https:\/\/mickyandoniehn.com\/radio\/wp-json\/wp\/v2\/posts"}],"about":[{"href":"https:\/\/mickyandoniehn.com\/radio\/wp-json\/wp\/v2\/types\/post"}],"replies":[{"embeddable":true,"href":"https:\/\/mickyandoniehn.com\/radio\/wp-json\/wp\/v2\/comments?post=68607"}],"version-history":[{"count":0,"href":"https:\/\/mickyandoniehn.com\/radio\/wp-json\/wp\/v2\/posts\/68607\/revisions"}],"wp:featuredmedia":[{"embeddable":true,"href":"https:\/\/mickyandoniehn.com\/radio\/wp-json\/wp\/v2\/media\/68608"}],"wp:attachment":[{"href":"https:\/\/mickyandoniehn.com\/radio\/wp-json\/wp\/v2\/media?parent=68607"}],"wp:term":[{"taxonomy":"category","embeddable":true,"href":"https:\/\/mickyandoniehn.com\/radio\/wp-json\/wp\/v2\/categories?post=68607"},{"taxonomy":"post_tag","embeddable":true,"href":"https:\/\/mickyandoniehn.com\/radio\/wp-json\/wp\/v2\/tags?post=68607"}],"curies":[{"name":"wp","href":"https:\/\/api.w.org\/{rel}","templated":true}]}}