{"id":68558,"date":"2024-03-04T07:12:33","date_gmt":"2024-03-04T13:12:33","guid":{"rendered":"http:\/\/mickyandoniehn.com\/radio\/2024\/03\/04\/honduras-en-la-historia-04-de-marzo-de-2015-nombran-a-ramon-antonio-lara-bueso-en-el-cargo-de-director-del-instituto-nacional-agrario\/"},"modified":"2024-03-04T07:12:33","modified_gmt":"2024-03-04T13:12:33","slug":"honduras-en-la-historia-04-de-marzo-de-2015-nombran-a-ramon-antonio-lara-bueso-en-el-cargo-de-director-del-instituto-nacional-agrario","status":"publish","type":"post","link":"https:\/\/mickyandoniehn.com\/radio\/2024\/03\/04\/honduras-en-la-historia-04-de-marzo-de-2015-nombran-a-ramon-antonio-lara-bueso-en-el-cargo-de-director-del-instituto-nacional-agrario\/","title":{"rendered":"Honduras en la Historia: 04 de marzo de 2015, Nombran a Ram\u00f3n Antonio Lara Bueso, en el cargo de Director del Instituto Nacional Agrario."},"content":{"rendered":"<\/p>\n<p><strong>SECRETAR\u00cdA DE ESTADO EN LOS DESPACHOS DE DERECHOS HUMANOS, JUSTICIA, GOBERNACI\u00d3N Y DESCENTRALIZACI\u00d3N<\/strong><\/p>\n<p><strong>Acuerdo No. 84-2014<\/strong><\/p>\n<p>Nombrar al ciudadano, Ram\u00f3n Antonio Lara Bueso, en el cargo de Director del Instituto Nacional Agrario.<\/p>\n<p>\u00a0<\/p>\n<p><strong>CORTE INTERAMERICANA DE DERECHOS HUMANOS<\/strong><br \/>\nResumen Oficial emitido por la Corte Intera- A. 2-4 mericana. Sentencia de 27 de Abril de 2012.<\/p><\/p>\n","protected":false},"excerpt":{"rendered":"<p>SECRETAR\u00cdA DE ESTADO EN LOS DESPACHOS DE DERECHOS HUMANOS, JUSTICIA, GOBERNACI\u00d3N Y DESCENTRALIZACI\u00d3N Acuerdo No. 84-2014 Nombrar al ciudadano, Ram\u00f3n Antonio Lara Bueso, en el cargo de Director del Instituto Nacional Agrario. \u00a0 CORTE INTERAMERICANA DE DERECHOS HUMANOS Resumen Oficial emitido por la Corte Intera- A. 2-4 mericana. Sentencia de 27 de Abril de 2012.<\/p>\n","protected":false},"author":0,"featured_media":68559,"comment_status":"open","ping_status":"open","sticky":false,"template":"","format":"standard","meta":{"_jetpack_memberships_contains_paid_content":false,"footnotes":""},"categories":[5],"tags":[],"class_list":["post-68558","post","type-post","status-publish","format-standard","has-post-thumbnail","","category-noticias"],"jetpack_sharing_enabled":true,"jetpack_featured_media_url":"https:\/\/mickyandoniehn.com\/radio\/wp-content\/uploads\/2024\/03\/Diapositiva1-2-tsAmwP.png","_links":{"self":[{"href":"https:\/\/mickyandoniehn.com\/radio\/wp-json\/wp\/v2\/posts\/68558","targetHints":{"allow":["GET"]}}],"collection":[{"href":"https:\/\/mickyandoniehn.com\/radio\/wp-json\/wp\/v2\/posts"}],"about":[{"href":"https:\/\/mickyandoniehn.com\/radio\/wp-json\/wp\/v2\/types\/post"}],"replies":[{"embeddable":true,"href":"https:\/\/mickyandoniehn.com\/radio\/wp-json\/wp\/v2\/comments?post=68558"}],"version-history":[{"count":0,"href":"https:\/\/mickyandoniehn.com\/radio\/wp-json\/wp\/v2\/posts\/68558\/revisions"}],"wp:featuredmedia":[{"embeddable":true,"href":"https:\/\/mickyandoniehn.com\/radio\/wp-json\/wp\/v2\/media\/68559"}],"wp:attachment":[{"href":"https:\/\/mickyandoniehn.com\/radio\/wp-json\/wp\/v2\/media?parent=68558"}],"wp:term":[{"taxonomy":"category","embeddable":true,"href":"https:\/\/mickyandoniehn.com\/radio\/wp-json\/wp\/v2\/categories?post=68558"},{"taxonomy":"post_tag","embeddable":true,"href":"https:\/\/mickyandoniehn.com\/radio\/wp-json\/wp\/v2\/tags?post=68558"}],"curies":[{"name":"wp","href":"https:\/\/api.w.org\/{rel}","templated":true}]}}