{"id":68546,"date":"2024-03-02T08:14:27","date_gmt":"2024-03-02T14:14:27","guid":{"rendered":"http:\/\/mickyandoniehn.com\/radio\/2024\/03\/02\/02-de-marzo-dia-mundial-del-bienestar-mental-para-adolescentes\/"},"modified":"2024-03-02T08:14:27","modified_gmt":"2024-03-02T14:14:27","slug":"02-de-marzo-dia-mundial-del-bienestar-mental-para-adolescentes","status":"publish","type":"post","link":"https:\/\/mickyandoniehn.com\/radio\/2024\/03\/02\/02-de-marzo-dia-mundial-del-bienestar-mental-para-adolescentes\/","title":{"rendered":"02 De Marzo- D\u00eda Mundial del Bienestar Mental para Adolescentes"},"content":{"rendered":"<p><strong>En celebraciones del d\u00eda dos de marzo, D\u00eda Mundial del Bienestar Mental para Adolescentes.<\/strong><\/p>\n<\/p>\n<p>El dos de marzo se celebra el D\u00eda Mundial del Bienestar Mental para Adolescentes. Cada 2 de marzo se celebra el\u00a0<strong>D\u00eda Mundial del Bienestar Mental de los Adolescentes<\/strong>, con la finalidad de sensibilizar a la poblaci\u00f3n acerca de los problemas de salud mental que afrontan los adolescentes, as\u00ed como desestigmatizar este tipo de trastornos y ofrecerles apoyo.<\/p>\n<p><strong>Origen de este d\u00eda mundial<\/strong><\/p>\n<p>La creaci\u00f3n del\u00a0<strong>D\u00eda Mundial del Bienestar Mental para Adolescentes<\/strong>\u00a0en el a\u00f1o 2020 ha sido gracias a la iniciativa de The Hollister Confidence Project, con la finalidad de observar el bienestar mental de los adolescentes. Se fij\u00f3 como fecha de celebraci\u00f3n de esta efem\u00e9ride el d\u00eda 2 de marzo de cada a\u00f1o.<\/p>\n<p><strong>\u00bfQu\u00e9 es Proyecto de Confianza de Hollister?<\/strong><\/p>\n<p>El\u00a0<strong>Proyecto de Confianza de Hollister<\/strong>\u00a0es una iniciativa impulsada por personas que se dedican a ayudar a los adolescentes de todo el mundo a sentirse m\u00e1s seguros y capaces.<\/p>\n<p>Cuenta con el apoyo de\u00a0<strong>The Hollister Confidence Fund<\/strong>, una organizaci\u00f3n que otorga subvenciones a grupos sin fines de lucro, con proyectos vinculados con las siguientes \u00e1reas:<\/p>\n<p>Salud mental de adolescentes.<br \/>\nEquidad para j\u00f3venes negros, ind\u00edgenas y personas de color (BIPOC).<br \/>\nInclusi\u00f3n para j\u00f3venes LGBTQ.<br \/>\nDetenci\u00f3n del acoso escolar.<\/p>\n<p><strong>Trastornos de salud mental m\u00e1s comunes en adolescentes<\/strong><\/p>\n<p>La adolescencia es una etapa del desarrollo humano fundamental para la formaci\u00f3n de h\u00e1bitos sociales y emocionales que impactan en el bienestar mental del individuo.<\/p>\n<p>Al respecto, diversos estudios y estad\u00edsticas sostienen que uno de cada cinco adolescentes presenta una afecci\u00f3n de salud mental.<\/p>\n<p>Algunos de los\u00a0<strong>trastornos de salud mental m\u00e1s comunes<\/strong>\u00a0en los adolescentes son los siguientes:<\/p>\n<p>Ansiedad.<br \/>\nAlteraci\u00f3n del estado de \u00e1nimo.<br \/>\nD\u00e9ficit de atenci\u00f3n y otros trastornos del comportamiento.<br \/>\nTrastornos de la alimentaci\u00f3n (anorexia, bulimia).<br \/>\nSuicidio.<br \/>\nDepresi\u00f3n.<br \/>\nPsicosis.<br \/>\nConductas de riesgo: consumo de sustancias estupefacientes, pr\u00e1cticas sexuales de riesgo.<br \/>\nComportamientos de autolesi\u00f3n: cortarse o quemarse la piel.<\/p>\n<p>Es de vital importancia dise\u00f1ar y aplicar estrategias de apoyo de salud mental dirigidas a los adolescentes, mediante la aplicaci\u00f3n de diversos recursos que beneficien su bienestar psicol\u00f3gico y que impacten de manera positiva en sus vidas, a trav\u00e9s del aprendizaje socioemocional.<\/p>\n<p>En celebraciones del d\u00eda 2 de marzo, D\u00eda Mundial del Bienestar Mental para Adolescentes.<\/p>\n<p>Cr\u00e9ditos tomados por:<\/p>\n<p><a href=\"https:\/\/www.diainternacionalde.com\/ficha\/dia-mundial-bienestar-mental-adolescentes\">https:\/\/www.diainternacionalde.com\/ficha\/dia-mundial-bienestar-mental-adolescentes<\/a><\/p>\n","protected":false},"excerpt":{"rendered":"<p>En celebraciones del d\u00eda dos de marzo, D\u00eda Mundial del Bienestar Mental para Adolescentes. El dos de marzo se celebra el D\u00eda Mundial del Bienestar Mental para Adolescentes. Cada 2 de marzo se celebra el\u00a0D\u00eda Mundial del Bienestar Mental de los Adolescentes, con la finalidad de sensibilizar a la poblaci\u00f3n acerca de los problemas de &hellip;<\/p>\n","protected":false},"author":0,"featured_media":0,"comment_status":"open","ping_status":"open","sticky":false,"template":"","format":"standard","meta":{"_jetpack_memberships_contains_paid_content":false,"footnotes":""},"categories":[5],"tags":[],"class_list":["post-68546","post","type-post","status-publish","format-standard","","category-noticias"],"jetpack_sharing_enabled":true,"jetpack_featured_media_url":"","_links":{"self":[{"href":"https:\/\/mickyandoniehn.com\/radio\/wp-json\/wp\/v2\/posts\/68546","targetHints":{"allow":["GET"]}}],"collection":[{"href":"https:\/\/mickyandoniehn.com\/radio\/wp-json\/wp\/v2\/posts"}],"about":[{"href":"https:\/\/mickyandoniehn.com\/radio\/wp-json\/wp\/v2\/types\/post"}],"replies":[{"embeddable":true,"href":"https:\/\/mickyandoniehn.com\/radio\/wp-json\/wp\/v2\/comments?post=68546"}],"version-history":[{"count":0,"href":"https:\/\/mickyandoniehn.com\/radio\/wp-json\/wp\/v2\/posts\/68546\/revisions"}],"wp:attachment":[{"href":"https:\/\/mickyandoniehn.com\/radio\/wp-json\/wp\/v2\/media?parent=68546"}],"wp:term":[{"taxonomy":"category","embeddable":true,"href":"https:\/\/mickyandoniehn.com\/radio\/wp-json\/wp\/v2\/categories?post=68546"},{"taxonomy":"post_tag","embeddable":true,"href":"https:\/\/mickyandoniehn.com\/radio\/wp-json\/wp\/v2\/tags?post=68546"}],"curies":[{"name":"wp","href":"https:\/\/api.w.org\/{rel}","templated":true}]}}