{"id":68542,"date":"2024-03-02T07:12:52","date_gmt":"2024-03-02T13:12:52","guid":{"rendered":"http:\/\/mickyandoniehn.com\/radio\/2024\/03\/02\/alberth-elis-muestra-signos-positivos-de-recuperacion-tras-accidente-durante-partido\/"},"modified":"2024-03-02T07:12:52","modified_gmt":"2024-03-02T13:12:52","slug":"alberth-elis-muestra-signos-positivos-de-recuperacion-tras-accidente-durante-partido","status":"publish","type":"post","link":"https:\/\/mickyandoniehn.com\/radio\/2024\/03\/02\/alberth-elis-muestra-signos-positivos-de-recuperacion-tras-accidente-durante-partido\/","title":{"rendered":"Alberth Elis muestra signos positivos de recuperaci\u00f3n tras accidente durante partido"},"content":{"rendered":"<\/p>\n<p>El jugador hondure\u00f1o Alberth Elis contin\u00faa mostrando signos alentadores en su proceso de recuperaci\u00f3n despu\u00e9s del accidente que sufri\u00f3 durante un partido del Burdeos por la Ligue 2. Tras despertar del coma inducido el pasado mi\u00e9rcoles, se han recibido m\u00e1s noticias positivas sobre su estado de salud.<\/p>\n<p>Cl\u00e9ment Carpentier, periodista especializado en el equipo franc\u00e9s, inform\u00f3 recientemente que la recuperaci\u00f3n de Elis est\u00e1 progresando de manera positiva y que su vida ya no corre peligro. Sin embargo, destac\u00f3 que a\u00fan queda un camino por recorrer, especialmente en lo que respecta al tratamiento de las posibles secuelas del trauma craneoencef\u00e1lico que sufri\u00f3 durante el partido.<\/p>\n<p>A pesar de esto, Carpentier revel\u00f3 que el entrenador del Burdeos, Albert Riera, pudo comunicarse con Elis y que el jugador reaccion\u00f3 favorablemente a sus palabras. Esta interacci\u00f3n ha sido un indicio alentador para el equipo y los seguidores de Elis, quienes esperan m\u00e1s noticias positivas en el futuro cercano.<\/p>\n<p>Adem\u00e1s, se ha planeado que los jugadores del Burdeos visiten a Elis en el hospital, aunque a\u00fan no hay una fecha establecida debido a los compromisos del equipo. La visita ser\u00e1 un gesto de apoyo y solidaridad hacia su compa\u00f1ero de equipo mientras contin\u00faa su proceso de recuperaci\u00f3n.<\/p>\n","protected":false},"excerpt":{"rendered":"<p>El jugador hondure\u00f1o Alberth Elis contin\u00faa mostrando signos alentadores en su proceso de recuperaci\u00f3n despu\u00e9s del accidente que sufri\u00f3 durante un partido del Burdeos por la Ligue 2. Tras despertar del coma inducido el pasado mi\u00e9rcoles, se han recibido m\u00e1s noticias positivas sobre su estado de salud. Cl\u00e9ment Carpentier, periodista especializado en el equipo franc\u00e9s, &hellip;<\/p>\n","protected":false},"author":0,"featured_media":68543,"comment_status":"open","ping_status":"open","sticky":false,"template":"","format":"standard","meta":{"_jetpack_memberships_contains_paid_content":false,"footnotes":""},"categories":[5],"tags":[],"class_list":["post-68542","post","type-post","status-publish","format-standard","has-post-thumbnail","","category-noticias"],"jetpack_sharing_enabled":true,"jetpack_featured_media_url":"https:\/\/mickyandoniehn.com\/radio\/wp-content\/uploads\/2024\/03\/ae_1-22-01-750x430-VgtOdv.jpeg","_links":{"self":[{"href":"https:\/\/mickyandoniehn.com\/radio\/wp-json\/wp\/v2\/posts\/68542","targetHints":{"allow":["GET"]}}],"collection":[{"href":"https:\/\/mickyandoniehn.com\/radio\/wp-json\/wp\/v2\/posts"}],"about":[{"href":"https:\/\/mickyandoniehn.com\/radio\/wp-json\/wp\/v2\/types\/post"}],"replies":[{"embeddable":true,"href":"https:\/\/mickyandoniehn.com\/radio\/wp-json\/wp\/v2\/comments?post=68542"}],"version-history":[{"count":0,"href":"https:\/\/mickyandoniehn.com\/radio\/wp-json\/wp\/v2\/posts\/68542\/revisions"}],"wp:featuredmedia":[{"embeddable":true,"href":"https:\/\/mickyandoniehn.com\/radio\/wp-json\/wp\/v2\/media\/68543"}],"wp:attachment":[{"href":"https:\/\/mickyandoniehn.com\/radio\/wp-json\/wp\/v2\/media?parent=68542"}],"wp:term":[{"taxonomy":"category","embeddable":true,"href":"https:\/\/mickyandoniehn.com\/radio\/wp-json\/wp\/v2\/categories?post=68542"},{"taxonomy":"post_tag","embeddable":true,"href":"https:\/\/mickyandoniehn.com\/radio\/wp-json\/wp\/v2\/tags?post=68542"}],"curies":[{"name":"wp","href":"https:\/\/api.w.org\/{rel}","templated":true}]}}