{"id":68535,"date":"2024-03-02T07:12:45","date_gmt":"2024-03-02T13:12:45","guid":{"rendered":"http:\/\/mickyandoniehn.com\/radio\/2024\/03\/02\/honduras-en-la-historia-02-de-marzo-1834-fallecimiento-de-jose-cecilio-del-valle\/"},"modified":"2024-03-02T07:12:45","modified_gmt":"2024-03-02T13:12:45","slug":"honduras-en-la-historia-02-de-marzo-1834-fallecimiento-de-jose-cecilio-del-valle","status":"publish","type":"post","link":"https:\/\/mickyandoniehn.com\/radio\/2024\/03\/02\/honduras-en-la-historia-02-de-marzo-1834-fallecimiento-de-jose-cecilio-del-valle\/","title":{"rendered":"Honduras en la Historia: 02 de Marzo 1834, Fallecimiento de Jos\u00e9 Cecilio del Valle"},"content":{"rendered":"<\/p>\n<div class=\"xdj266r x11i5rnm xat24cr x1mh8g0r x1vvkbs x126k92a\">\n<div>Honduras en la historia, 02 de Marzo 1834<\/div>\n<\/div>\n<div class=\"x11i5rnm xat24cr x1mh8g0r x1vvkbs xtlvy1s x126k92a\">\n<div>Fallecimiento de Jos\u00e9 Cecilio del Valle<\/div>\n<div><\/div>\n<\/div>\n<div class=\"x11i5rnm xat24cr x1mh8g0r x1vvkbs xtlvy1s x126k92a\">\n<div>Jose Cecilio del Valle naci\u00f3 en la Villa de Choluteca el 22 de noviembre de 1777. Era hijo de los ricos hacendados Don Jos\u00e9 Antonio del Valle y la Se\u00f1ora Gertrudis Diaz del Valle. En compa\u00f1\u00eda de sus Padres, se traslad\u00f3 a Guatemala donde realiz\u00f3 sus estudios obteniendo el t\u00edtulo de Bachiller en Filosof\u00eda. Sus estudios Superiores los realiz\u00f3 en la Universidad de San Carlos donde se gradu\u00f3 de Abogado a la edad de 25 a\u00f1os. Tambi\u00e9n estudi\u00f3 idiomas, filosof\u00eda, econom\u00eda, ciencias naturales, finanzas, geograf\u00eda, matem\u00e1ticas y pol\u00edtica. El 12 de Octubre de 1812 se cas\u00f3 con la Srita. Josefa Valero Morales y a lo largo de su vida desempe\u00f1\u00f3 distintos cargos durante el Gobierno Espa\u00f1ol.<\/div>\n<\/div>\n<div class=\"x11i5rnm xat24cr x1mh8g0r x1vvkbs xtlvy1s x126k92a\">\n<div>Trayectoria de Jos\u00e9 Cecilio del Valle<\/div>\n<\/div>\n<div class=\"x11i5rnm xat24cr x1mh8g0r x1vvkbs xtlvy1s x126k92a\">\n<div>En el mes de Mayo de 1813, fue nombrado auditor de guerra del Ej\u00e9rcito de Guatemala y en Junio del mismo a\u00f1o fue electo Juez de Honor del Ej\u00e9rcito. El mes de enero de 1817fungi\u00f3 como Fiscal Interino de la Audiencia y en Noviembre del mismo a\u00f1o cre\u00f3 el expediente de fomento a la agricultura, el comercio y la industria a trav\u00e9s de la gesti\u00f3n del Real Tribunal del Consulado.<\/div>\n<\/div>\n<div class=\"x11i5rnm xat24cr x1mh8g0r x1vvkbs xtlvy1s x126k92a\">\n<div>En 1820 Jos\u00e9 Cecilio del Valle fue elegido como regente de la nueva C\u00e1tedra de Econom\u00eda Pol\u00edtica en la Sociedad Econ\u00f3mica de Guatemala. En Octubre de 1820, alarmado por el rumbo que tomaban los movimientos revolucionarios encabezados por los partidarios de la Independencia, Valle fund\u00f3 en la ciudad de Guatemala el peri\u00f3dico \u201cEl Amigo de la Patria\u201d. Jos\u00e9 Cecilio del Valle no se opon\u00eda a la Independencia. \u00c9l estaba en contra de que Honduras se separara inmediatamente de Espa\u00f1a.<\/div>\n<\/div>\n<div class=\"x11i5rnm xat24cr x1mh8g0r x1vvkbs xtlvy1s x126k92a\">\n<div>Consideraba que era mejor hacerlo en forma gradual y moderada porque Centroam\u00e9rica no estaba preparada para la independencia. Es por eso que a trav\u00e9s de su peri\u00f3dico atacaba con lenguaje culto la posici\u00f3n de los independentistas, liderados por el Doctor Pedro Molina que tambi\u00e9n era director del Peri\u00f3dico \u201cEl Editor Constitucional.<\/div>\n<\/div>\n<div class=\"x11i5rnm xat24cr x1mh8g0r x1vvkbs xtlvy1s x126k92a\">\n<div>\u201dEn 1821 fue electo Alcalde de Guatemala, miembro de la Diputaci\u00f3n Provincial y nuevamente auditor de guerra. El 15 de Septiembre de 1821, a pesar de ser considerado un \u201ccontra independentista\u201d Jos\u00e9 Cecilio del Valle, por su gran capacidad y conocimientos fue elegido para redactar el Acta de Independencia, a\u00fan cuando \u00e9l no la apoy\u00f3.<\/div>\n<\/div>\n<div class=\"x11i5rnm xat24cr x1mh8g0r x1vvkbs xtlvy1s x126k92a\">\n<div>En este gran evento hist\u00f3rico tambi\u00e9n participaron GAbino Ga\u00ednza, Pedro Molina, Jos\u00e9 Santiago Milla, Mariano de Aycinena, Mariano de Beltranena, Mariano G\u00e1lvez, Jos\u00e9 Mat\u00edas Delgado y Miguel Larreynaga. En 1824 gan\u00f3 las elecciones para Presidente de Centroam\u00e9rica, sin embargo el Congreso Federal nombr\u00f3 en su lugar al General Manuel Jos\u00e9 Arce.<\/div>\n<\/div>\n<div class=\"x11i5rnm xat24cr x1mh8g0r x1vvkbs xtlvy1s x126k92a\">\n<div>Durante algunos a\u00f1os Jos\u00e9 Cecilio del Valle estuvo ausente de la vida pol\u00edtica y se traslad\u00f3 a su hacienda La Concepci\u00f3n donde se dedic\u00f3 a escribir sobre diferentes temas. En Diciembre de 1833 fue electo Presidente de La Federaci\u00f3n Centroamericana, en sustituci\u00f3n del General Francisco Moraz\u00e1n.<\/div>\n<\/div>\n<div class=\"x11i5rnm xat24cr x1mh8g0r x1vvkbs xtlvy1s x126k92a\">\n<div>Valle sali\u00f3 de su hacienda La Concepci\u00f3n para asumir el cargo de Presidente, sin embargo no pudo llegar ya que falleci\u00f3 en el camino un 2 de Marzo de 1834, a la edad de 58 a\u00f1os. Con la muerte de Jos\u00e9 Cecilio del Valle Centroam\u00e9rica perdi\u00f3 al pensador m\u00e1s grande de su historia y al estadista que m\u00e1s se preocup\u00f3 por su destino. Jos\u00e9 Cecilio del Valle anhelaba la unidad material y espiritual de Am\u00e9rica. Por sus grandes conocimientos fue nombrado \u201cEl Sabio Valle\u201d.<\/div>\n<\/div>\n<div class=\"x11i5rnm xat24cr x1mh8g0r x1vvkbs xtlvy1s x126k92a\">\n<div>Fuente: <a class=\"x1i10hfl xjbqb8w x1ejq31n xd10rxx x1sy0etr x17r0tee x972fbf xcfux6l x1qhh985 xm0m39n x9f619 x1ypdohk xt0psk2 xe8uvvx xdj266r x11i5rnm xat24cr x1mh8g0r xexx8yu x4uap5 x18d9i69 xkhd6sd x16tdsg8 x1hl2dhg xggy1nq x1a2a7pz xt0b8zv x1fey0fg\" href=\"https:\/\/l.facebook.com\/l.php?u=http%3A%2F%2Fwww.xplorhonduras.com%2Fjose-cecilio-del-valle%2F%3Ffbclid%3DIwAR2xeptKgPHWiWuFyPNUECIbF63TwNWQrioJ7guzGbPSodH_Jd0Y7Rgq9rM&amp;h=AT1YmTtST-RkL0sGOVqFnO0M1bNgez66azLdFRXO8EAo_pU-Ad4eiHXY4tZ6HIwWgGMC5RjQFkbGxWeZQ0_nbyKbpU1hNIL4k8as3sX2vIR-0NH3Y-Gz443efRcy_jjY4jOt&amp;__tn__=-UK-R&amp;c%5B0%5D=AT3NMXZW-quT3DhbyKBXPn7sjNznQrj9evW07UvJDBjJ5zhuOUBkVYM_BDMd3NOa64R1A8a5VJroLkf2vpu5InsFCvYlMzcsTiankA3JG9X-gVZM-S2jtnOKxruZszrIXTPZV5FMHgWMkUGI1whDQIqzW4e32vLEna-JPDmDxgHvYOWquETWtV4fwL-6xFMMUxwOl1l8mAn7dJhk9JFYIQ8\" target=\"_blank\" rel=\"noopener\">http:\/\/www.xplorhonduras.com\/jose-cecilio-del-valle\/<\/a><\/div>\n<\/div>\n","protected":false},"excerpt":{"rendered":"<p>Honduras en la historia, 02 de Marzo 1834 Fallecimiento de Jos\u00e9 Cecilio del Valle Jose Cecilio del Valle naci\u00f3 en la Villa de Choluteca el 22 de noviembre de 1777. Era hijo de los ricos hacendados Don Jos\u00e9 Antonio del Valle y la Se\u00f1ora Gertrudis Diaz del Valle. En compa\u00f1\u00eda de sus Padres, se traslad\u00f3 &hellip;<\/p>\n","protected":false},"author":0,"featured_media":68536,"comment_status":"open","ping_status":"open","sticky":false,"template":"","format":"standard","meta":{"_jetpack_memberships_contains_paid_content":false,"footnotes":""},"categories":[5],"tags":[],"class_list":["post-68535","post","type-post","status-publish","format-standard","has-post-thumbnail","","category-noticias"],"jetpack_sharing_enabled":true,"jetpack_featured_media_url":"https:\/\/mickyandoniehn.com\/radio\/wp-content\/uploads\/2024\/03\/2.2-BpaBoF.jpeg","_links":{"self":[{"href":"https:\/\/mickyandoniehn.com\/radio\/wp-json\/wp\/v2\/posts\/68535","targetHints":{"allow":["GET"]}}],"collection":[{"href":"https:\/\/mickyandoniehn.com\/radio\/wp-json\/wp\/v2\/posts"}],"about":[{"href":"https:\/\/mickyandoniehn.com\/radio\/wp-json\/wp\/v2\/types\/post"}],"replies":[{"embeddable":true,"href":"https:\/\/mickyandoniehn.com\/radio\/wp-json\/wp\/v2\/comments?post=68535"}],"version-history":[{"count":0,"href":"https:\/\/mickyandoniehn.com\/radio\/wp-json\/wp\/v2\/posts\/68535\/revisions"}],"wp:featuredmedia":[{"embeddable":true,"href":"https:\/\/mickyandoniehn.com\/radio\/wp-json\/wp\/v2\/media\/68536"}],"wp:attachment":[{"href":"https:\/\/mickyandoniehn.com\/radio\/wp-json\/wp\/v2\/media?parent=68535"}],"wp:term":[{"taxonomy":"category","embeddable":true,"href":"https:\/\/mickyandoniehn.com\/radio\/wp-json\/wp\/v2\/categories?post=68535"},{"taxonomy":"post_tag","embeddable":true,"href":"https:\/\/mickyandoniehn.com\/radio\/wp-json\/wp\/v2\/tags?post=68535"}],"curies":[{"name":"wp","href":"https:\/\/api.w.org\/{rel}","templated":true}]}}