{"id":68526,"date":"2024-03-02T06:12:44","date_gmt":"2024-03-02T12:12:44","guid":{"rendered":"https:\/\/mickyandoniehn.com\/radio\/2024\/03\/02\/respeto-a-los-derechos-y-mejoras-en-las-condiciones-para-los-abogados-la-principal-propuesta-de-breisy-banegas\/"},"modified":"2024-03-02T06:12:44","modified_gmt":"2024-03-02T12:12:44","slug":"respeto-a-los-derechos-y-mejoras-en-las-condiciones-para-los-abogados-la-principal-propuesta-de-breisy-banegas","status":"publish","type":"post","link":"https:\/\/mickyandoniehn.com\/radio\/2024\/03\/02\/respeto-a-los-derechos-y-mejoras-en-las-condiciones-para-los-abogados-la-principal-propuesta-de-breisy-banegas\/","title":{"rendered":"Respeto a los Derechos y Mejoras en las condiciones para los abogados: La principal propuesta de Breisy Banegas"},"content":{"rendered":"<\/p>\n<p>En una entrevista reciente, Breisy Banegas, aspirante a la presidencia del cap\u00edtulo de abogados en Islas de la Bah\u00eda por parte del\u00a0<a href=\"https:\/\/m.facebook.com\/profile.php\/?id=100069071574096&amp;name=Frente-Reivindicador-Democr%25C3%25A1tico-FRD&amp;locale=ms_MY\">Frente Reivindicador Democr\u00e1tico<\/a>\u00a0de Alianza con Frente Independiente y Frente Gremialista, comparti\u00f3 su visi\u00f3n y propuestas para el gremio legal local.<\/p>\n<div class=\"wp-block-image\">\n<\/div>\n<p>Banegas, quien cuenta con m\u00e1s de 12 a\u00f1os de experiencia como abogada y actualmente se desempe\u00f1a como juez de letras, destac\u00f3 su principal inspiraci\u00f3n: Hacer cumplir los derechos de los abogados en la isla. Principamnete al acceso a seguro m\u00e9dico para los abogados en la regi\u00f3n. Se\u00f1alando que actualmente enfrentan dificultades para obtener descuentos en cl\u00ednicas y farmacias locales.<\/p>\n<p>Adem\u00e1s, Banegas enfatiza en la importancia de trabajar en pro de los beneficios y la unificaci\u00f3n del gremio. Ofreciendo m\u00faltiples opciones para los colegas y buscando continuar y mejorar el trabajo realizado por la actual administraci\u00f3n.<\/p>\n<div class=\"wp-block-image\">\n<\/div>\n<p>Su planilla, que abarca diversos sectores y roles, demuestra su compromiso con la representaci\u00f3n inclusiva y efectiva.<\/p>\n<p>Ante las pr\u00f3ximas elecciones el 9 de marzo, Banegas hace un llamado a todos los abogados de Roat\u00e1n a votar, con el objetivo de seguir promoviendo iniciativas positivas y dignificar la profesi\u00f3n legal. Adem\u00e1s, invita a apoyar a la abogada Carla Alegr\u00eda, candidata a nivel nacional, para consolidar un cambio significativo en el \u00e1mbito legal.<\/p>\n<p>Enfatizando que su movimiento no tiene fines pol\u00edticos, Banegas reafirma su compromiso de trabajar por el bienestar y la excelencia profesional de todos los abogados en Islas de la Bah\u00eda.<\/p>\n<p>Tambi\u00e9n se centra en empoderar a la mujer y demostrar que ellas tambi\u00e9n pueden optar por cargos tan importantes como este.<\/p>\n<h3><strong>Planilla del Frente Reivindicador Democr\u00e1tico de Alianza con Frente Independiente y Frente Gremialista:<\/strong><\/h3>\n<div class=\"wp-container-2 wp-block-columns\">\n<div class=\"wp-container-1 wp-block-column\">\n<p><strong>Cargo<\/strong><br \/>\n<strong>Nombre<\/strong><\/p>\n<p>Breisy Banegas<br \/>\nPresidenta<\/p>\n<p>Vicepresidente<br \/>\nOscar M\u00e9ndez<\/p>\n<p>Vocal 1<br \/>\nMario Donaldo Costa<\/p>\n<p>Vocal 2<br \/>\nPaula Bonilla<\/p>\n<p>Vocal 3<br \/>\nJuan Ram\u00f3n Guti\u00e9rrez<\/p>\n<p>Secretario<br \/>\nCarlos Cruz Godoy<\/p>\n<p>Prosecretaria<br \/>\nAngie Rosales Aceituno<\/p>\n<p>Tesorero<br \/>\nDani Joel Mendoza<\/p>\n<p>Fiscal<br \/>\nRub\u00e9n Antonio Aguirre<\/p>\n<p>Tesorero Supl.<br \/>\nJenny Sagrario S\u00e1nchez<\/p>\n<p>Fiscal Supl.<br \/>\nBlas Dom\u00ednguez<\/p>\n<\/div>\n<\/div>\n<p><strong>Sigaleyendo:\u00a0<a href=\"https:\/\/diarioroatan.com\/coco-lagoon-juramenta-a-su-nuevo-patronato\/\">Coco Lagoon juramenta a su nuevo patronato<\/a><\/strong><\/p>\n","protected":false},"excerpt":{"rendered":"<p>En una entrevista reciente, Breisy Banegas, aspirante a la presidencia del cap\u00edtulo de abogados en Islas de la Bah\u00eda por parte del\u00a0Frente Reivindicador Democr\u00e1tico\u00a0de Alianza con Frente Independiente y Frente Gremialista, comparti\u00f3 su visi\u00f3n y propuestas para el gremio legal local. Banegas, quien cuenta con m\u00e1s de 12 a\u00f1os de experiencia como abogada y actualmente &hellip;<\/p>\n","protected":false},"author":0,"featured_media":68527,"comment_status":"open","ping_status":"open","sticky":false,"template":"","format":"standard","meta":{"_jetpack_memberships_contains_paid_content":false,"footnotes":""},"categories":[5],"tags":[],"class_list":["post-68526","post","type-post","status-publish","format-standard","has-post-thumbnail","","category-noticias"],"jetpack_sharing_enabled":true,"jetpack_featured_media_url":"https:\/\/mickyandoniehn.com\/radio\/wp-content\/uploads\/2024\/03\/photo_5118456412798823421_y-750x430-SQYmFR.jpeg","_links":{"self":[{"href":"https:\/\/mickyandoniehn.com\/radio\/wp-json\/wp\/v2\/posts\/68526","targetHints":{"allow":["GET"]}}],"collection":[{"href":"https:\/\/mickyandoniehn.com\/radio\/wp-json\/wp\/v2\/posts"}],"about":[{"href":"https:\/\/mickyandoniehn.com\/radio\/wp-json\/wp\/v2\/types\/post"}],"replies":[{"embeddable":true,"href":"https:\/\/mickyandoniehn.com\/radio\/wp-json\/wp\/v2\/comments?post=68526"}],"version-history":[{"count":0,"href":"https:\/\/mickyandoniehn.com\/radio\/wp-json\/wp\/v2\/posts\/68526\/revisions"}],"wp:featuredmedia":[{"embeddable":true,"href":"https:\/\/mickyandoniehn.com\/radio\/wp-json\/wp\/v2\/media\/68527"}],"wp:attachment":[{"href":"https:\/\/mickyandoniehn.com\/radio\/wp-json\/wp\/v2\/media?parent=68526"}],"wp:term":[{"taxonomy":"category","embeddable":true,"href":"https:\/\/mickyandoniehn.com\/radio\/wp-json\/wp\/v2\/categories?post=68526"},{"taxonomy":"post_tag","embeddable":true,"href":"https:\/\/mickyandoniehn.com\/radio\/wp-json\/wp\/v2\/tags?post=68526"}],"curies":[{"name":"wp","href":"https:\/\/api.w.org\/{rel}","templated":true}]}}