{"id":68229,"date":"2024-02-26T07:12:45","date_gmt":"2024-02-26T13:12:45","guid":{"rendered":"http:\/\/mickyandoniehn.com\/radio\/2024\/02\/26\/la-historia-del-mundo-y-honduras-26-de-febrero-1561-fue-fundada-ciudad-santa-cruz-de-sierra-bolivia\/"},"modified":"2024-02-26T07:12:45","modified_gmt":"2024-02-26T13:12:45","slug":"la-historia-del-mundo-y-honduras-26-de-febrero-1561-fue-fundada-ciudad-santa-cruz-de-sierra-bolivia","status":"publish","type":"post","link":"https:\/\/mickyandoniehn.com\/radio\/2024\/02\/26\/la-historia-del-mundo-y-honduras-26-de-febrero-1561-fue-fundada-ciudad-santa-cruz-de-sierra-bolivia\/","title":{"rendered":"La Historia del Mundo y Honduras: 26 de Febrero 1561, Fue fundada ciudad Santa Cruz de Sierra, Bolivia"},"content":{"rendered":"<\/p>\n<p>Santa Cruz es un departamento de Bolivia, el m\u00e1s extenso del pa\u00eds con 370.621 km\u00b2 (33,74% del territorio nacional) y 2.433.602 habitantes (2005). Situado en la zona oriental, limita al norte con el Departamento del Beni y la Rep\u00fablica de Brasil, al sur con el Departamento de Chuquisaca y la Rep\u00fablica de Paraguay, al este con la Rep\u00fablica de Brasil y al oeste con los departamentos de Cochabamba y Chuquisaca. Fue fundada el 26 de febrero de 1561 por el capit\u00e1n espa\u00f1ol \u00d1uflo de Ch\u00e1vez. Es la regi\u00f3n m\u00e1s industrializada y principal centro de consumo nacional; dispone de la renta per c\u00e1pita m\u00e1s alta del pa\u00eds, con una elevada tasa de crecimiento anual, representada principalmente por la producci\u00f3n agropecuaria y forestal, es adem\u00e1s la zona m\u00e1s importante de producci\u00f3n hidrocarbur\u00edfera.<\/p><\/p>\n","protected":false},"excerpt":{"rendered":"<p>Santa Cruz es un departamento de Bolivia, el m\u00e1s extenso del pa\u00eds con 370.621 km\u00b2 (33,74% del territorio nacional) y 2.433.602 habitantes (2005). Situado en la zona oriental, limita al norte con el Departamento del Beni y la Rep\u00fablica de Brasil, al sur con el Departamento de Chuquisaca y la Rep\u00fablica de Paraguay, al este &hellip;<\/p>\n","protected":false},"author":0,"featured_media":68230,"comment_status":"open","ping_status":"open","sticky":false,"template":"","format":"standard","meta":{"_jetpack_memberships_contains_paid_content":false,"footnotes":""},"categories":[5],"tags":[],"class_list":["post-68229","post","type-post","status-publish","format-standard","has-post-thumbnail","","category-noticias"],"jetpack_sharing_enabled":true,"jetpack_featured_media_url":"https:\/\/mickyandoniehn.com\/radio\/wp-content\/uploads\/2024\/02\/26-de-Febrero-1561-Fue-fundada-ciudad-santa-cruz-de-sierra-Bolivia-aLNfba.jpeg","_links":{"self":[{"href":"https:\/\/mickyandoniehn.com\/radio\/wp-json\/wp\/v2\/posts\/68229","targetHints":{"allow":["GET"]}}],"collection":[{"href":"https:\/\/mickyandoniehn.com\/radio\/wp-json\/wp\/v2\/posts"}],"about":[{"href":"https:\/\/mickyandoniehn.com\/radio\/wp-json\/wp\/v2\/types\/post"}],"replies":[{"embeddable":true,"href":"https:\/\/mickyandoniehn.com\/radio\/wp-json\/wp\/v2\/comments?post=68229"}],"version-history":[{"count":0,"href":"https:\/\/mickyandoniehn.com\/radio\/wp-json\/wp\/v2\/posts\/68229\/revisions"}],"wp:featuredmedia":[{"embeddable":true,"href":"https:\/\/mickyandoniehn.com\/radio\/wp-json\/wp\/v2\/media\/68230"}],"wp:attachment":[{"href":"https:\/\/mickyandoniehn.com\/radio\/wp-json\/wp\/v2\/media?parent=68229"}],"wp:term":[{"taxonomy":"category","embeddable":true,"href":"https:\/\/mickyandoniehn.com\/radio\/wp-json\/wp\/v2\/categories?post=68229"},{"taxonomy":"post_tag","embeddable":true,"href":"https:\/\/mickyandoniehn.com\/radio\/wp-json\/wp\/v2\/tags?post=68229"}],"curies":[{"name":"wp","href":"https:\/\/api.w.org\/{rel}","templated":true}]}}