{"id":68063,"date":"2024-02-21T13:12:30","date_gmt":"2024-02-21T19:12:30","guid":{"rendered":"https:\/\/mickyandoniehn.com\/radio\/2024\/02\/21\/opalo-negro-sera-decretado-como-gema-nacional-de-honduras\/"},"modified":"2024-02-21T13:12:30","modified_gmt":"2024-02-21T19:12:30","slug":"opalo-negro-sera-decretado-como-gema-nacional-de-honduras","status":"publish","type":"post","link":"https:\/\/mickyandoniehn.com\/radio\/2024\/02\/21\/opalo-negro-sera-decretado-como-gema-nacional-de-honduras\/","title":{"rendered":"\u00d3palo Negro ser\u00e1 decretado como Gema Nacional de Honduras"},"content":{"rendered":"<\/p>\n<p>Tegucigalpa. 21.02.2024<\/p>\n<p class=\"mb-6\">En la sesi\u00f3n del Congreso Nacional de ayer martes, acordaron declarar al \u00d3palo Matriz Negro como Gema Nacional de Honduras.<\/p>\n<p class=\"mb-6\">Esta propuesta la present\u00f3 la diputada del partido Libertad y Refundaci\u00f3n (Libre), Kely Aguilar. La propuesta recibi\u00f3 el apoyo de los diputados de la c\u00e1mara legislativa.<\/p>\n<p class=\"mb-6\">El \u00f3palo\u00a0es una piedra preciosa disponible \u00fanicamente en\u00a0cinco pa\u00edses\u00a0en el mundo, Brasil, Australia, Estados Unidos, Etiop\u00eda y Honduras; que cuenta con\u00a0verdaderos yacimientos de \u00f3palos.<\/p>\n<p class=\"mb-6\">Su nombre proviene del lat\u00edn\u00a0opalus\u00a0y del griego\u00a0opalios, que a su a su vez viene del s\u00e1nscrito\u00a0upala, cuyo significado es\u00a0piedra preciosa.<\/p>\n<p class=\"mb-6\">Con el \u00f3palo\u00a0se pueden fabricar joyas\u00a0de incre\u00edble belleza muy valoradas a nivel internacional. El principal productor de \u00f3palo a nivel mundial es Australia, que cuenta con las mismas\u00a0variedades que hay en Honduras.<\/p>\n<p class=\"mb-6\">El \u00f3palo negro\u00a0es de los m\u00e1s finos, con una mayor demanda internacional,\u00a0y el \u00f3palo blanco\u00a0es el m\u00e1s conocido en el \u00e1mbito mundial.<\/p>\n<p class=\"mb-6\">La actividad de\u00a0extracci\u00f3n de \u00f3palos es \u00fanica\u00a0de los mineros artesanales de\u00a0Erandique,\u00a0ellos, se han\u00a0\u201cpulido\u201d\u00a0al hacerse en verdaderos expertos en\u00a0el arte de dar forma\u00a0a esta preciosas piedras.<\/p>\n<p class=\"mb-6\">El \u00f3palo de Erandique\u00a0es muy famoso y cotizado tanto en Europa como en Norte Am\u00e9rica.<\/p>\n<p>Fuente: latribuna.hn<\/p>\n","protected":false},"excerpt":{"rendered":"<p>Tegucigalpa. 21.02.2024 En la sesi\u00f3n del Congreso Nacional de ayer martes, acordaron declarar al \u00d3palo Matriz Negro como Gema Nacional de Honduras. Esta propuesta la present\u00f3 la diputada del partido Libertad y Refundaci\u00f3n (Libre), Kely Aguilar. La propuesta recibi\u00f3 el apoyo de los diputados de la c\u00e1mara legislativa. El \u00f3palo\u00a0es una piedra preciosa disponible \u00fanicamente &hellip;<\/p>\n","protected":false},"author":0,"featured_media":68064,"comment_status":"open","ping_status":"open","sticky":false,"template":"","format":"standard","meta":{"_jetpack_memberships_contains_paid_content":false,"footnotes":""},"categories":[5],"tags":[],"class_list":["post-68063","post","type-post","status-publish","format-standard","has-post-thumbnail","","category-noticias"],"jetpack_sharing_enabled":true,"jetpack_featured_media_url":"https:\/\/mickyandoniehn.com\/radio\/wp-content\/uploads\/2024\/02\/Opalo-Negro-sera-decretado-como-Gema-Nacional-de-Honduras-ou300d.jpeg","_links":{"self":[{"href":"https:\/\/mickyandoniehn.com\/radio\/wp-json\/wp\/v2\/posts\/68063","targetHints":{"allow":["GET"]}}],"collection":[{"href":"https:\/\/mickyandoniehn.com\/radio\/wp-json\/wp\/v2\/posts"}],"about":[{"href":"https:\/\/mickyandoniehn.com\/radio\/wp-json\/wp\/v2\/types\/post"}],"replies":[{"embeddable":true,"href":"https:\/\/mickyandoniehn.com\/radio\/wp-json\/wp\/v2\/comments?post=68063"}],"version-history":[{"count":0,"href":"https:\/\/mickyandoniehn.com\/radio\/wp-json\/wp\/v2\/posts\/68063\/revisions"}],"wp:featuredmedia":[{"embeddable":true,"href":"https:\/\/mickyandoniehn.com\/radio\/wp-json\/wp\/v2\/media\/68064"}],"wp:attachment":[{"href":"https:\/\/mickyandoniehn.com\/radio\/wp-json\/wp\/v2\/media?parent=68063"}],"wp:term":[{"taxonomy":"category","embeddable":true,"href":"https:\/\/mickyandoniehn.com\/radio\/wp-json\/wp\/v2\/categories?post=68063"},{"taxonomy":"post_tag","embeddable":true,"href":"https:\/\/mickyandoniehn.com\/radio\/wp-json\/wp\/v2\/tags?post=68063"}],"curies":[{"name":"wp","href":"https:\/\/api.w.org\/{rel}","templated":true}]}}