{"id":68061,"date":"2024-02-21T08:12:45","date_gmt":"2024-02-21T14:12:45","guid":{"rendered":"http:\/\/mickyandoniehn.com\/radio\/2024\/02\/21\/21-de-febrero-dia-internacional-de-la-lengua-materna-2\/"},"modified":"2024-02-21T08:12:45","modified_gmt":"2024-02-21T14:12:45","slug":"21-de-febrero-dia-internacional-de-la-lengua-materna-2","status":"publish","type":"post","link":"https:\/\/mickyandoniehn.com\/radio\/2024\/02\/21\/21-de-febrero-dia-internacional-de-la-lengua-materna-2\/","title":{"rendered":"21 De Febrero D\u00eda Internacional de la lengua materna"},"content":{"rendered":"<\/p>\n<p><strong>En celebraciones del d\u00eda 21 de febrero D\u00eda Internacional de la lengua materna<\/strong><\/p>\n<p>El 21 de febrero se celebra el D\u00eda Internacional de la Lengua Materna, una fecha establecida por la UNESCO para promover la diversidad ling\u00fc\u00edstica y cultural y fomentar el uso y la preservaci\u00f3n de las lenguas maternas en todo el mundo. En este d\u00eda, se reconoce la importancia de las lenguas maternas como parte integral de la identidad cultural de las personas y se busca sensibilizar sobre la importancia de su protecci\u00f3n y promoci\u00f3n.<\/p>\n<p>Las lenguas maternas desempe\u00f1an un papel fundamental en la transmisi\u00f3n de conocimientos, valores y tradiciones culturales de generaci\u00f3n en generaci\u00f3n. Son una parte vital de la identidad de las comunidades y contribuyen a la diversidad cultural y ling\u00fc\u00edstica del mundo.<\/p>\n<p>Es importante promover y proteger las lenguas maternas, tanto a nivel individual como colectivo. Esto implica reconocer y respetar la diversidad ling\u00fc\u00edstica, fomentar su uso en la educaci\u00f3n y la vida cotidiana, y apoyar a las comunidades en sus esfuerzos por preservar y revitalizar sus lenguas maternas.<\/p>\n<p>Adem\u00e1s, el D\u00eda Internacional de la Lengua Materna nos invita a reflexionar sobre la importancia de la inclusi\u00f3n ling\u00fc\u00edstica y el respeto por todas las lenguas, ya que cada una de ellas representa una forma \u00fanica de ver el mundo y de expresar nuestra humanidad.<\/p><\/p>\n","protected":false},"excerpt":{"rendered":"<p>En celebraciones del d\u00eda 21 de febrero D\u00eda Internacional de la lengua materna El 21 de febrero se celebra el D\u00eda Internacional de la Lengua Materna, una fecha establecida por la UNESCO para promover la diversidad ling\u00fc\u00edstica y cultural y fomentar el uso y la preservaci\u00f3n de las lenguas maternas en todo el mundo. En &hellip;<\/p>\n","protected":false},"author":0,"featured_media":68062,"comment_status":"open","ping_status":"open","sticky":false,"template":"","format":"standard","meta":{"_jetpack_memberships_contains_paid_content":false,"footnotes":""},"categories":[5],"tags":[],"class_list":["post-68061","post","type-post","status-publish","format-standard","has-post-thumbnail","","category-noticias"],"jetpack_sharing_enabled":true,"jetpack_featured_media_url":"https:\/\/mickyandoniehn.com\/radio\/wp-content\/uploads\/2024\/02\/01-1-owNjAE.jpeg","_links":{"self":[{"href":"https:\/\/mickyandoniehn.com\/radio\/wp-json\/wp\/v2\/posts\/68061","targetHints":{"allow":["GET"]}}],"collection":[{"href":"https:\/\/mickyandoniehn.com\/radio\/wp-json\/wp\/v2\/posts"}],"about":[{"href":"https:\/\/mickyandoniehn.com\/radio\/wp-json\/wp\/v2\/types\/post"}],"replies":[{"embeddable":true,"href":"https:\/\/mickyandoniehn.com\/radio\/wp-json\/wp\/v2\/comments?post=68061"}],"version-history":[{"count":0,"href":"https:\/\/mickyandoniehn.com\/radio\/wp-json\/wp\/v2\/posts\/68061\/revisions"}],"wp:featuredmedia":[{"embeddable":true,"href":"https:\/\/mickyandoniehn.com\/radio\/wp-json\/wp\/v2\/media\/68062"}],"wp:attachment":[{"href":"https:\/\/mickyandoniehn.com\/radio\/wp-json\/wp\/v2\/media?parent=68061"}],"wp:term":[{"taxonomy":"category","embeddable":true,"href":"https:\/\/mickyandoniehn.com\/radio\/wp-json\/wp\/v2\/categories?post=68061"},{"taxonomy":"post_tag","embeddable":true,"href":"https:\/\/mickyandoniehn.com\/radio\/wp-json\/wp\/v2\/tags?post=68061"}],"curies":[{"name":"wp","href":"https:\/\/api.w.org\/{rel}","templated":true}]}}