{"id":66348,"date":"2024-01-09T21:12:58","date_gmt":"2024-01-10T03:12:58","guid":{"rendered":"http:\/\/mickyandoniehn.com\/radio\/2024\/01\/09\/graduan-a-26-oficiales-penitenciarios-y-1000-nuevos-agentes-culminan-su-formacion\/"},"modified":"2024-01-09T21:12:58","modified_gmt":"2024-01-10T03:12:58","slug":"graduan-a-26-oficiales-penitenciarios-y-1000-nuevos-agentes-culminan-su-formacion","status":"publish","type":"post","link":"https:\/\/mickyandoniehn.com\/radio\/2024\/01\/09\/graduan-a-26-oficiales-penitenciarios-y-1000-nuevos-agentes-culminan-su-formacion\/","title":{"rendered":"Grad\u00faan a 26 Oficiales Penitenciarios y 1,000 nuevos agentes culminan su formaci\u00f3n"},"content":{"rendered":"<\/p>\n<p class=\"mb-6\">La Polic\u00eda Militar del Orden P\u00fablico (PMOP), gradu\u00f3 este martes a 26 nuevos Oficiales Penitenciarios, Promoci\u00f3n 01-2023 y la conclusi\u00f3n exitosa del proceso de formaci\u00f3n de 1,000 aspirantes a agentes penitenciarios de la promoci\u00f3n 21-2023.<\/p>\n<p class=\"mb-6\"><strong>Captaci\u00f3n, Evaluaci\u00f3n y Selecci\u00f3n de Personas:<\/strong>\u00a0Desde el inicio, se llev\u00f3 a cabo un minucioso proceso de identificaci\u00f3n y evaluaci\u00f3n de personas comprometidas con la seguridad y el servicio p\u00fablico. La selecci\u00f3n se bas\u00f3 en criterios de integridad, aptitud y dedicaci\u00f3n al deber.<\/p>\n<p class=\"mb-6\"><strong>Recibimiento de 1,000 Aspirantes de la Promoci\u00f3n 021-2023:<\/strong>\u00a0Una masiva entrada de aspirantes marc\u00f3 el inicio de la formaci\u00f3n, reflejando el inter\u00e9s y la motivaci\u00f3n de los ciudadanos por contribuir al Sistema Penitenciario y velar por la seguridad de las Personas Privadas de Libertad y la sociedad.<\/p>\n<p class=\"mb-6\">\n<p class=\"mb-6\"><strong>Procesos de Ense\u00f1anza y Aprendizaje:<\/strong>\u00a0Durante el programa de formaci\u00f3n, los aspirantes participaron en rigurosos procesos de ense\u00f1anza y aprendizaje, que abarcaron aspectos te\u00f3ricos y pr\u00e1cticos. Se enfatiz\u00f3 la importancia del respeto a los\u00a0<strong>Derechos Humanos<\/strong>, la \u00e9tica profesional y las habilidades necesarias para gestionar situaciones cr\u00edticas en los Centros Penitenciarios.<\/p>\n<p class=\"mb-6\"><strong>Pr\u00e1cticas en Centros Penales:<\/strong>\u00a0Para consolidar su formaci\u00f3n, los aspirantes realizaron pr\u00e1cticas en diversos Centros Penitenciarios, adquiriendo experiencia bajo la supervisi\u00f3n de profesionales experimentados. Esto les permiti\u00f3 enfrentarse a situaciones reales y aplicar los conocimientos adquiridos durante su entrenamiento.<\/p>\n<p class=\"mb-6\">\n<p class=\"mb-6\">La ceremonia de graduaci\u00f3n es un testimonio del arduo trabajo y dedicaci\u00f3n de los 26 Oficiales Penitenciarios y los 1,000 Aspirantes a Agentes Penitenciarios. Juraron cumplir con su deber con integridad y compromiso, fortaleciendo as\u00ed la misi\u00f3n de garantizar la seguridad en el Sistema Carcelario.<\/p>\n","protected":false},"excerpt":{"rendered":"<p>La Polic\u00eda Militar del Orden P\u00fablico (PMOP), gradu\u00f3 este martes a 26 nuevos Oficiales Penitenciarios, Promoci\u00f3n 01-2023 y la conclusi\u00f3n exitosa del proceso de formaci\u00f3n de 1,000 aspirantes a agentes penitenciarios de la promoci\u00f3n 21-2023. Captaci\u00f3n, Evaluaci\u00f3n y Selecci\u00f3n de Personas:\u00a0Desde el inicio, se llev\u00f3 a cabo un minucioso proceso de identificaci\u00f3n y evaluaci\u00f3n de &hellip;<\/p>\n","protected":false},"author":0,"featured_media":66349,"comment_status":"open","ping_status":"open","sticky":false,"template":"","format":"standard","meta":{"_jetpack_memberships_contains_paid_content":false,"footnotes":""},"categories":[5],"tags":[],"class_list":["post-66348","post","type-post","status-publish","format-standard","has-post-thumbnail","","category-noticias"],"jetpack_sharing_enabled":true,"jetpack_featured_media_url":"https:\/\/mickyandoniehn.com\/radio\/wp-content\/uploads\/2024\/01\/Exitosa-Graduacion-26-Oficiales-Penitenciarios-y-1000-Nuevos-Agentes-Culminan-su-Formacion-H1Tn9W.jpeg","_links":{"self":[{"href":"https:\/\/mickyandoniehn.com\/radio\/wp-json\/wp\/v2\/posts\/66348","targetHints":{"allow":["GET"]}}],"collection":[{"href":"https:\/\/mickyandoniehn.com\/radio\/wp-json\/wp\/v2\/posts"}],"about":[{"href":"https:\/\/mickyandoniehn.com\/radio\/wp-json\/wp\/v2\/types\/post"}],"replies":[{"embeddable":true,"href":"https:\/\/mickyandoniehn.com\/radio\/wp-json\/wp\/v2\/comments?post=66348"}],"version-history":[{"count":0,"href":"https:\/\/mickyandoniehn.com\/radio\/wp-json\/wp\/v2\/posts\/66348\/revisions"}],"wp:featuredmedia":[{"embeddable":true,"href":"https:\/\/mickyandoniehn.com\/radio\/wp-json\/wp\/v2\/media\/66349"}],"wp:attachment":[{"href":"https:\/\/mickyandoniehn.com\/radio\/wp-json\/wp\/v2\/media?parent=66348"}],"wp:term":[{"taxonomy":"category","embeddable":true,"href":"https:\/\/mickyandoniehn.com\/radio\/wp-json\/wp\/v2\/categories?post=66348"},{"taxonomy":"post_tag","embeddable":true,"href":"https:\/\/mickyandoniehn.com\/radio\/wp-json\/wp\/v2\/tags?post=66348"}],"curies":[{"name":"wp","href":"https:\/\/api.w.org\/{rel}","templated":true}]}}