{"id":65919,"date":"2023-12-26T07:12:40","date_gmt":"2023-12-26T13:12:40","guid":{"rendered":"http:\/\/mickyandoniehn.com\/radio\/2023\/12\/26\/honduras-en-la-historia-26-de-diciembre-1972-emision-del-decreto-ley-no-8-de-la-reforma-agraria\/"},"modified":"2023-12-26T07:12:40","modified_gmt":"2023-12-26T13:12:40","slug":"honduras-en-la-historia-26-de-diciembre-1972-emision-del-decreto-ley-no-8-de-la-reforma-agraria","status":"publish","type":"post","link":"https:\/\/mickyandoniehn.com\/radio\/2023\/12\/26\/honduras-en-la-historia-26-de-diciembre-1972-emision-del-decreto-ley-no-8-de-la-reforma-agraria\/","title":{"rendered":"Honduras en la Historia: 26 de Diciembre 1972, Emisi\u00f3n del Decreto-Ley No. 8 de la Reforma Agraria"},"content":{"rendered":"<\/p>\n<div class=\"xdj266r x11i5rnm xat24cr x1mh8g0r x1vvkbs x126k92a\">\n<div>Honduras en la historia, 26 de Diciembre 1972<\/div>\n<\/div>\n<div class=\"x11i5rnm xat24cr x1mh8g0r x1vvkbs xtlvy1s x126k92a\">\n<div>Emisi\u00f3n del Decreto-Ley No. 8 de la Reforma Agraria<\/div>\n<div><\/div>\n<\/div>\n<div class=\"x11i5rnm xat24cr x1mh8g0r x1vvkbs xtlvy1s x126k92a\">\n<div>La finalidad de este Decreto (Decreto Ley No. 8 es coadyuvar a corto plazo a la soluci\u00f3n de necesidades m\u00e1s apremiantes de los habitantes del pa\u00eds asentados en el campo. Su aplicaci\u00f3n deber\u00eda lograr la incorporaci\u00f3n del campesino al proceso de desarrollo del pa\u00eds.<\/div>\n<div>Medidas aplicadas:<\/div>\n<div>1. Conceder temporalmente al campesino el uso de las tierras nacionales y ejidales disponibles que se hallen en poder del INA y que sean aptas para labores agr\u00edcolas.<\/div>\n<div>2. Solicitar a los propietarios o poseedores de tierras aptas para la agricultura que, en forma voluntaria, temporal y gratuita las ponga a disposici\u00f3n del Instituto Nacional Agrario.<\/div>\n<div>3. Tomar en arrendamiento las tierras que sean necesarias para alcanzar los fines del decreto. Los propietarios o poseedores de tierra que a juicio del Instituto no est\u00e9n siendo adecuadamente aprovechadas, quedan obligados a celebrar con dicho Instituto los contratos correspondientes.<\/div>\n<\/div>\n","protected":false},"excerpt":{"rendered":"<p>Honduras en la historia, 26 de Diciembre 1972 Emisi\u00f3n del Decreto-Ley No. 8 de la Reforma Agraria La finalidad de este Decreto (Decreto Ley No. 8 es coadyuvar a corto plazo a la soluci\u00f3n de necesidades m\u00e1s apremiantes de los habitantes del pa\u00eds asentados en el campo. Su aplicaci\u00f3n deber\u00eda lograr la incorporaci\u00f3n del campesino &hellip;<\/p>\n","protected":false},"author":0,"featured_media":65920,"comment_status":"open","ping_status":"open","sticky":false,"template":"","format":"standard","meta":{"_jetpack_memberships_contains_paid_content":false,"footnotes":""},"categories":[5],"tags":[],"class_list":["post-65919","post","type-post","status-publish","format-standard","has-post-thumbnail","","category-noticias"],"jetpack_sharing_enabled":true,"jetpack_featured_media_url":"https:\/\/mickyandoniehn.com\/radio\/wp-content\/uploads\/2023\/12\/26.1-qFLsuy.jpeg","_links":{"self":[{"href":"https:\/\/mickyandoniehn.com\/radio\/wp-json\/wp\/v2\/posts\/65919","targetHints":{"allow":["GET"]}}],"collection":[{"href":"https:\/\/mickyandoniehn.com\/radio\/wp-json\/wp\/v2\/posts"}],"about":[{"href":"https:\/\/mickyandoniehn.com\/radio\/wp-json\/wp\/v2\/types\/post"}],"replies":[{"embeddable":true,"href":"https:\/\/mickyandoniehn.com\/radio\/wp-json\/wp\/v2\/comments?post=65919"}],"version-history":[{"count":0,"href":"https:\/\/mickyandoniehn.com\/radio\/wp-json\/wp\/v2\/posts\/65919\/revisions"}],"wp:featuredmedia":[{"embeddable":true,"href":"https:\/\/mickyandoniehn.com\/radio\/wp-json\/wp\/v2\/media\/65920"}],"wp:attachment":[{"href":"https:\/\/mickyandoniehn.com\/radio\/wp-json\/wp\/v2\/media?parent=65919"}],"wp:term":[{"taxonomy":"category","embeddable":true,"href":"https:\/\/mickyandoniehn.com\/radio\/wp-json\/wp\/v2\/categories?post=65919"},{"taxonomy":"post_tag","embeddable":true,"href":"https:\/\/mickyandoniehn.com\/radio\/wp-json\/wp\/v2\/tags?post=65919"}],"curies":[{"name":"wp","href":"https:\/\/api.w.org\/{rel}","templated":true}]}}