{"id":65766,"date":"2023-12-18T19:12:53","date_gmt":"2023-12-19T01:12:53","guid":{"rendered":"http:\/\/mickyandoniehn.com\/radio\/2023\/12\/18\/exito-internacional-la-hondurena-atenas-hernandez-triunfa-en-el-mundo-de-la-moda-y-la-escritura\/"},"modified":"2023-12-18T19:12:53","modified_gmt":"2023-12-19T01:12:53","slug":"exito-internacional-la-hondurena-atenas-hernandez-triunfa-en-el-mundo-de-la-moda-y-la-escritura","status":"publish","type":"post","link":"https:\/\/mickyandoniehn.com\/radio\/2023\/12\/18\/exito-internacional-la-hondurena-atenas-hernandez-triunfa-en-el-mundo-de-la-moda-y-la-escritura\/","title":{"rendered":"\u00c9xito internacional: La hondure\u00f1a Atenas Hern\u00e1ndez triunfa en el mundo de la moda y la escritura"},"content":{"rendered":"<\/p>\n<p>La hondure\u00f1a Atenas Hern\u00e1ndez, residente en Buenos Aires, Argentina, ha alcanzado reconocimiento global en el \u00e1mbito de la moda. Con una s\u00f3lida formaci\u00f3n acad\u00e9mica en Cultura Europea y Francesa en Francia, Relaciones P\u00fablicas y Comunicaciones en Estados Unidos, y cursos especializados en Imagen Corporativa e Imagen Pol\u00edtica, Hern\u00e1ndez ha consolidado su presencia en el mundo de la moda.<\/p>\n<p>Con una audiencia de m\u00e1s de 185 mil seguidores en Instagram, Atenas Hern\u00e1ndez se destaca por promover el dise\u00f1o latinoamericano. Su impacto en las redes sociales le ha abierto puertas para colaborar con marcas de renombre como Tommy Hilfiger, Chanel y Cartier.<\/p>\n<p>Pero su versatilidad no se limita al mundo de la moda; Atenas Hern\u00e1ndez es tambi\u00e9n una talentosa escritora. En 2019, present\u00f3 su primer libro infantil titulado \u00abValentina Sue\u00f1a con los Animales\u00bb, una obra inspirada en su hija. Su trayectoria demuestra que la hondure\u00f1a no solo conquista pasarelas, sino tambi\u00e9n corazones a nivel internacional.<\/p>\n","protected":false},"excerpt":{"rendered":"<p>La hondure\u00f1a Atenas Hern\u00e1ndez, residente en Buenos Aires, Argentina, ha alcanzado reconocimiento global en el \u00e1mbito de la moda. Con una s\u00f3lida formaci\u00f3n acad\u00e9mica en Cultura Europea y Francesa en Francia, Relaciones P\u00fablicas y Comunicaciones en Estados Unidos, y cursos especializados en Imagen Corporativa e Imagen Pol\u00edtica, Hern\u00e1ndez ha consolidado su presencia en el mundo &hellip;<\/p>\n","protected":false},"author":0,"featured_media":65767,"comment_status":"open","ping_status":"open","sticky":false,"template":"","format":"standard","meta":{"_jetpack_memberships_contains_paid_content":false,"footnotes":""},"categories":[5],"tags":[],"class_list":["post-65766","post","type-post","status-publish","format-standard","has-post-thumbnail","","category-noticias"],"jetpack_sharing_enabled":true,"jetpack_featured_media_url":"https:\/\/mickyandoniehn.com\/radio\/wp-content\/uploads\/2023\/12\/ipiccy_image-6-1536x776-1-750x430-jTKO77.jpeg","_links":{"self":[{"href":"https:\/\/mickyandoniehn.com\/radio\/wp-json\/wp\/v2\/posts\/65766","targetHints":{"allow":["GET"]}}],"collection":[{"href":"https:\/\/mickyandoniehn.com\/radio\/wp-json\/wp\/v2\/posts"}],"about":[{"href":"https:\/\/mickyandoniehn.com\/radio\/wp-json\/wp\/v2\/types\/post"}],"replies":[{"embeddable":true,"href":"https:\/\/mickyandoniehn.com\/radio\/wp-json\/wp\/v2\/comments?post=65766"}],"version-history":[{"count":0,"href":"https:\/\/mickyandoniehn.com\/radio\/wp-json\/wp\/v2\/posts\/65766\/revisions"}],"wp:featuredmedia":[{"embeddable":true,"href":"https:\/\/mickyandoniehn.com\/radio\/wp-json\/wp\/v2\/media\/65767"}],"wp:attachment":[{"href":"https:\/\/mickyandoniehn.com\/radio\/wp-json\/wp\/v2\/media?parent=65766"}],"wp:term":[{"taxonomy":"category","embeddable":true,"href":"https:\/\/mickyandoniehn.com\/radio\/wp-json\/wp\/v2\/categories?post=65766"},{"taxonomy":"post_tag","embeddable":true,"href":"https:\/\/mickyandoniehn.com\/radio\/wp-json\/wp\/v2\/tags?post=65766"}],"curies":[{"name":"wp","href":"https:\/\/api.w.org\/{rel}","templated":true}]}}