{"id":65686,"date":"2023-12-15T13:12:41","date_gmt":"2023-12-15T19:12:41","guid":{"rendered":"http:\/\/mickyandoniehn.com\/radio\/2023\/12\/15\/la-ciudad-de-tela-dinamiza-su-economia-cada-dia-mas\/"},"modified":"2023-12-15T13:12:41","modified_gmt":"2023-12-15T19:12:41","slug":"la-ciudad-de-tela-dinamiza-su-economia-cada-dia-mas","status":"publish","type":"post","link":"https:\/\/mickyandoniehn.com\/radio\/2023\/12\/15\/la-ciudad-de-tela-dinamiza-su-economia-cada-dia-mas\/","title":{"rendered":"La ciudad de Tela dinamiza su econom\u00eda cada d\u00eda m\u00e1s"},"content":{"rendered":"<\/p>\n<p class=\"mb-6\">La segunda tienda de productos de limpieza, denominada Macdel Express, fue inaugurada en Tela, ubicada abajo del hotel Colonial, antes cl\u00ednica Lancetilla.<\/p>\n<p class=\"mb-6\">El pastor Julio Castro fue el encargado de bendecir la nueva tienda, pidiendo a Dios prosperidad y protecci\u00f3n de las instalaciones.<\/p>\n<p class=\"mb-6\">Macdel es propiedad de Inversiones Esmeralda S de RL de CV y su franquicia Macdel Express.<\/p>\n<p class=\"mb-6\">Adem\u00e1s, en La Ceiba hay dos tiendas Macdel y una en Roat\u00e1n, en el departamento de Islas de la Bah\u00eda, sumando cinco tiendas en total.<\/p>\n<p>El pastor reverendo Julio Castro y la gerencia de Inversiones Esmeralda, durante los actos de inauguraci\u00f3n de la nueva tienda.<\/p>\n<p class=\"mb-6\">A los actos asisti\u00f3 el gerente general, ingeniero Omar Valdez, y su esposa, Jessica Hern\u00e1ndez, acompa\u00f1ados del personal profesional y de mercadeo.<\/p>\n<p class=\"mb-6\">Macdel Express ofrece productos desinfectantes para pisos, suavizantes, detergentes, detergente l\u00edquido, desengrasantes de autos, jab\u00f3n l\u00edquido, aromatizantes, y todo para la cocina.<\/p>\n<p class=\"mb-6\">Adem\u00e1s, al lado de Macdel Expr\u00e9s est\u00e1 su tienda Aromas y Tendencias, y en plaza Venecia est\u00e1 su tienda Hush Natural.<\/p>\n<p class=\"mb-6\">El ingeniero Valdez, gerente de Inversiones Esmeralda, expres\u00f3 su alegr\u00eda de invertir en Tela, creando m\u00e1s empleos, \u201cy al igual que en La Ceiba y Roat\u00e1n, estamos muy optimistas y agradecemos a Dios por permitirnos poder invertir en estas ciudades\u201d.\u00a0<em><strong>(Por: Ricardo Luj\u00e1n)<\/strong><\/em><\/p>\n<p>El ingeniero Valdez y su esposa, junto al gerente de la tienda MACDEL EXPRESS en Tela.<\/p>\n","protected":false},"excerpt":{"rendered":"<p>La segunda tienda de productos de limpieza, denominada Macdel Express, fue inaugurada en Tela, ubicada abajo del hotel Colonial, antes cl\u00ednica Lancetilla. El pastor Julio Castro fue el encargado de bendecir la nueva tienda, pidiendo a Dios prosperidad y protecci\u00f3n de las instalaciones. Macdel es propiedad de Inversiones Esmeralda S de RL de CV y &hellip;<\/p>\n","protected":false},"author":0,"featured_media":65687,"comment_status":"open","ping_status":"open","sticky":false,"template":"","format":"standard","meta":{"_jetpack_memberships_contains_paid_content":false,"footnotes":""},"categories":[5],"tags":[],"class_list":["post-65686","post","type-post","status-publish","format-standard","has-post-thumbnail","","category-noticias"],"jetpack_sharing_enabled":true,"jetpack_featured_media_url":"https:\/\/mickyandoniehn.com\/radio\/wp-content\/uploads\/2023\/12\/TELA-1-1-j5lL4o.jpeg","_links":{"self":[{"href":"https:\/\/mickyandoniehn.com\/radio\/wp-json\/wp\/v2\/posts\/65686","targetHints":{"allow":["GET"]}}],"collection":[{"href":"https:\/\/mickyandoniehn.com\/radio\/wp-json\/wp\/v2\/posts"}],"about":[{"href":"https:\/\/mickyandoniehn.com\/radio\/wp-json\/wp\/v2\/types\/post"}],"replies":[{"embeddable":true,"href":"https:\/\/mickyandoniehn.com\/radio\/wp-json\/wp\/v2\/comments?post=65686"}],"version-history":[{"count":0,"href":"https:\/\/mickyandoniehn.com\/radio\/wp-json\/wp\/v2\/posts\/65686\/revisions"}],"wp:featuredmedia":[{"embeddable":true,"href":"https:\/\/mickyandoniehn.com\/radio\/wp-json\/wp\/v2\/media\/65687"}],"wp:attachment":[{"href":"https:\/\/mickyandoniehn.com\/radio\/wp-json\/wp\/v2\/media?parent=65686"}],"wp:term":[{"taxonomy":"category","embeddable":true,"href":"https:\/\/mickyandoniehn.com\/radio\/wp-json\/wp\/v2\/categories?post=65686"},{"taxonomy":"post_tag","embeddable":true,"href":"https:\/\/mickyandoniehn.com\/radio\/wp-json\/wp\/v2\/tags?post=65686"}],"curies":[{"name":"wp","href":"https:\/\/api.w.org\/{rel}","templated":true}]}}