{"id":65680,"date":"2023-12-15T10:12:40","date_gmt":"2023-12-15T16:12:40","guid":{"rendered":"https:\/\/mickyandoniehn.com\/radio\/2023\/12\/15\/alemania-no-esta-dispuesta-a-dejar-escapar-las-fabricas-de-chips-de-intel-y-tsmc-y-se-gastara-una-fortuna-en-subvenciones\/"},"modified":"2023-12-15T10:12:40","modified_gmt":"2023-12-15T16:12:40","slug":"alemania-no-esta-dispuesta-a-dejar-escapar-las-fabricas-de-chips-de-intel-y-tsmc-y-se-gastara-una-fortuna-en-subvenciones","status":"publish","type":"post","link":"https:\/\/mickyandoniehn.com\/radio\/2023\/12\/15\/alemania-no-esta-dispuesta-a-dejar-escapar-las-fabricas-de-chips-de-intel-y-tsmc-y-se-gastara-una-fortuna-en-subvenciones\/","title":{"rendered":"Alemania no est\u00e1 dispuesta a dejar escapar las f\u00e1bricas de chips de Intel y TSMC. Y se gastar\u00e1 una fortuna en subvenciones"},"content":{"rendered":"<\/p>\n<p>Alemania quiere ir de la mano de Pa\u00edses Bajos en la industria europea de los semiconductores. El fabricante de equipos de litograf\u00eda neerland\u00e9s\u00a0<a href=\"https:\/\/www.xataka.com\/componentes\/guerra-nanometros-no-pelean-solo-intel-tsmc-globalfoundries-samsung-quien-gobierna-sombra-asml\">ASML<\/a>\u00a0es\u00a0<a href=\"https:\/\/www.xataka.com\/componentes\/asml-no-ha-recorrido-sola-su-camino-exito-fabricacion-chips-estas-dos-empresas-sus-mejores-aliados\">la joya de la corona europea<\/a>\u00a0si nos ce\u00f1imos a la industria de los circuitos integrados, y Alemania est\u00e1 decidida a afianzarse como\u00a0<strong>el basti\u00f3n europeo de la fabricaci\u00f3n de chips<\/strong>. La crisis econ\u00f3mica en la que est\u00e1 sumido este pa\u00eds centroeuropeo ha arrojado dudas acerca de su capacidad actual para asumir las inversiones que necesariamente debe acometer.<\/p>\n<p>Michael Kellner, el secretario de Estado para Asuntos Econ\u00f3micos, ha saltado a la palestra con el prop\u00f3sito de calmar los \u00e1nimos y despejar las dudas que se ciernen sobre el Gobierno alem\u00e1n. \u00abLas inversiones que requieren los proyectos de transformaci\u00f3n est\u00e1n garantizadas. Con estos fondos aseguraremos nuestra capacidad econ\u00f3mica futura. Esta estrategia beneficiar\u00e1 a todo el pa\u00eds, a todas las personas, especialmente a la clase media\u00bb,\u00a0<a href=\"https:\/\/www.zeit.de\/news\/2023-12\/13\/ampel-haelt-an-milliardenzuschuessen-fuer-chipfabriken-fest\">ha declarado Kellner<\/a>.<\/p>\n<p>El Gobierno alem\u00e1n est\u00e1 ultimando las negociaciones con varios fabricantes de semiconductores con el prop\u00f3sito de poner en marcha varias plantas de fabricaci\u00f3n de circuitos integrados de vanguardia dentro de sus fronteras, pero dos de estos proyectos brillan m\u00e1s que los dem\u00e1s:\u00a0<a href=\"https:\/\/www.xataka.com\/componentes\/nueva-fabrica-chips-intel-estara-alemania-comienza-ofensiva-europea-semiconductores\">los de Intel<\/a>\u00a0y\u00a0<a href=\"https:\/\/www.xataka.com\/empresas-y-economia\/alemania-tenia-fabrica-chips-intel-ahora-tsmc-que-construira-otra-10-000-millones-euros\">TSMC<\/a>. La Administraci\u00f3n germana ha confirmado que dedicar\u00e1\u00a0<strong>22.000 millones de d\u00f3lares<\/strong>\u00a0a la entrega de incentivos directos a los fabricantes de chips, pero la aprobaci\u00f3n definitiva de este presupuesto por el Gobierno Federal se ha retrasado y las sospechas han comenzado a arreciar.<\/p>\n<h2>Las plantas de Intel y TSMC saldr\u00e1n adelante<\/h2>\n<p>Michael Kellner no ha sido el \u00fanico miembro del Gobierno alem\u00e1n que se ha visto obligado a dar la cara. Carsten Schneider, que es ministro de Alemania del Este para las Condiciones de Vida Igualitarias,\u00a0<a href=\"https:\/\/www.tomshardware.com\/news\/intel-tsmc-germany-fabs-subsidies\">ha intentado<\/a> apaciguar los \u00e1nimos: \u00abEl canciller se ha comprometido a sacar adelante tanto la f\u00e1brica de Intel de Magdeburgo como la de TSMC en Dresde\u00bb. No cabe duda de que esta promesa es una aut\u00e9ntica declaraci\u00f3n de intenciones.<\/p>\n<div class=\"article-asset-summary article-asset-small article-asset-right\">\n<div class=\"asset-content\">\n<p class=\"sumario_derecha\">Los presupuestos de la f\u00e1brica de Magdeburgo provocaron a mediados de este a\u00f1o ciertas tensiones entre el Gobierno alem\u00e1n y los portavoces de Intel<\/p>\n<\/div>\n<\/div>\n<p>Finalmente la f\u00e1brica que construir\u00e1 Intel en Magdeburgo costar\u00e1 30.000 millones de euros y recibir\u00e1 una subvenci\u00f3n de 10.000 millones. Estos presupuestos provocaron a mediados de este a\u00f1o\u00a0<a href=\"https:\/\/www.xataka.com\/empresas-y-economia\/europa-fabricas-intel-tsmc-alemania-solas-no-te-haran-relevante-industria-chips\">ciertas tensiones entre el Gobierno alem\u00e1n<\/a>\u00a0y los portavoces de Intel debido a que inicialmente esta planta\u00a0<strong>iba a costar 17.000 millones de euros<\/strong>\u00a0y las subvenciones ascender\u00edan a 6.800 millones. De hecho, en mayo varios medios alemanes vaticinaron que\u00a0<a href=\"https:\/\/www.xataka.com\/empresas-y-economia\/fabrica-intel-alemania-se-complica-incertidumbre-se-cierne-plan-europa-para-chips\">la planta corr\u00eda serio peligro<\/a>. Pero no, parece que las aguas han vuelto a su cauce. Al menos, como acabamos de ver, el Gobierno alem\u00e1n se est\u00e1 esforzando para transmitir confianza.<\/p>\n<p>La f\u00e1brica de TSMC que estar\u00e1 alojada en Dresde presumiblemente costar\u00e1 10.000 millones de euros, y los portavoces de esta compa\u00f1\u00eda taiwanesa aspiran a conseguir\u00a0<a href=\"https:\/\/www.xataka.com\/empresas-y-economia\/tsmc-negocia-duro-gobierno-aleman-tendra-que-aceptar-sus-condiciones-para-albergar-su-nueva-fabrica\">una subvenci\u00f3n del 50% del coste total<\/a>. El Gobierno japon\u00e9s ha aceptado las condiciones de esta empresa, lo que unido a su buena sinton\u00eda con los directivos de TSMC ha provocado que juntos est\u00e9n planeando la puesta a punto de nada menos que\u00a0<a href=\"https:\/\/www.xataka.com\/empresas-y-economia\/camino-imprescindible-expansion-alla-taiwan-ha-llevado-a-tsmc-a-darlo-todo-japon\">tres plantas en suelo nip\u00f3n<\/a>. A Alemania no lo quedar\u00e1 m\u00e1s remedio que igualar la oferta de Jap\u00f3n, y las pistas que acaba de darnos el Gobierno federal nos invitan a aceptar que la negociaci\u00f3n con TSMC saldr\u00e1 adelante.<\/p>\n","protected":false},"excerpt":{"rendered":"<p>Alemania quiere ir de la mano de Pa\u00edses Bajos en la industria europea de los semiconductores. El fabricante de equipos de litograf\u00eda neerland\u00e9s\u00a0ASML\u00a0es\u00a0la joya de la corona europea\u00a0si nos ce\u00f1imos a la industria de los circuitos integrados, y Alemania est\u00e1 decidida a afianzarse como\u00a0el basti\u00f3n europeo de la fabricaci\u00f3n de chips. La crisis econ\u00f3mica en &hellip;<\/p>\n","protected":false},"author":0,"featured_media":65681,"comment_status":"open","ping_status":"open","sticky":false,"template":"","format":"standard","meta":{"_jetpack_memberships_contains_paid_content":false,"footnotes":""},"categories":[5],"tags":[],"class_list":["post-65680","post","type-post","status-publish","format-standard","has-post-thumbnail","","category-noticias"],"jetpack_sharing_enabled":true,"jetpack_featured_media_url":"https:\/\/mickyandoniehn.com\/radio\/wp-content\/uploads\/2023\/12\/500_333-eIwYjv.jpeg","_links":{"self":[{"href":"https:\/\/mickyandoniehn.com\/radio\/wp-json\/wp\/v2\/posts\/65680","targetHints":{"allow":["GET"]}}],"collection":[{"href":"https:\/\/mickyandoniehn.com\/radio\/wp-json\/wp\/v2\/posts"}],"about":[{"href":"https:\/\/mickyandoniehn.com\/radio\/wp-json\/wp\/v2\/types\/post"}],"replies":[{"embeddable":true,"href":"https:\/\/mickyandoniehn.com\/radio\/wp-json\/wp\/v2\/comments?post=65680"}],"version-history":[{"count":0,"href":"https:\/\/mickyandoniehn.com\/radio\/wp-json\/wp\/v2\/posts\/65680\/revisions"}],"wp:featuredmedia":[{"embeddable":true,"href":"https:\/\/mickyandoniehn.com\/radio\/wp-json\/wp\/v2\/media\/65681"}],"wp:attachment":[{"href":"https:\/\/mickyandoniehn.com\/radio\/wp-json\/wp\/v2\/media?parent=65680"}],"wp:term":[{"taxonomy":"category","embeddable":true,"href":"https:\/\/mickyandoniehn.com\/radio\/wp-json\/wp\/v2\/categories?post=65680"},{"taxonomy":"post_tag","embeddable":true,"href":"https:\/\/mickyandoniehn.com\/radio\/wp-json\/wp\/v2\/tags?post=65680"}],"curies":[{"name":"wp","href":"https:\/\/api.w.org\/{rel}","templated":true}]}}