{"id":65268,"date":"2023-11-30T14:12:35","date_gmt":"2023-11-30T20:12:35","guid":{"rendered":"http:\/\/mickyandoniehn.com\/radio\/2023\/11\/30\/preven-condiciones-secas-en-la-mayor-parte-del-territorio-hondureno\/"},"modified":"2023-11-30T14:12:35","modified_gmt":"2023-11-30T20:12:35","slug":"preven-condiciones-secas-en-la-mayor-parte-del-territorio-hondureno","status":"publish","type":"post","link":"https:\/\/mickyandoniehn.com\/radio\/2023\/11\/30\/preven-condiciones-secas-en-la-mayor-parte-del-territorio-hondureno\/","title":{"rendered":"Prev\u00e9n condiciones secas en la mayor parte del territorio hondure\u00f1o"},"content":{"rendered":"<\/p>\n<p class=\"mb-6\">La Secretar\u00eda de Gesti\u00f3n de Riesgos y Contingencias Nacionales (Copeco) emiti\u00f3 un informe sobre las condiciones meteorol\u00f3gicas previstas para este jueves en Honduras.<\/p>\n<p class=\"mb-6\">Seg\u00fan el pron\u00f3stico, se espera una combinaci\u00f3n de condiciones secas y lluvias aisladas en diferentes partes del pa\u00eds.<\/p>\n<p class=\"mb-6\">El pronosticador de turno del Centro Nacional de Estudios Atmosf\u00e9ricos y S\u00edsmicos (Cenaos), perteneciente a Copeco, Mario Centeno, se\u00f1al\u00f3 que la mayor parte del pa\u00eds experimentar\u00e1 condiciones secas, con la posibilidad de precipitaciones d\u00e9biles aisladas en \u00e1reas espec\u00edficas de las regiones norte y oriente. Este fen\u00f3meno se atribuye al ingreso de humedad proveniente del mar Caribe.<\/p>\n<p class=\"mb-6\">En la capital, Tegucigalpa, se espera una temperatura m\u00e1xima de 27 grados Celsius y una m\u00ednima de 17 en la zona central. En la zona insular, las temperaturas oscilar\u00e1n entre 30 grados como m\u00e1xima y 20 grados como m\u00ednima.<\/p>\n<p class=\"mb-6\">Por su parte, en la zona norte del pa\u00eds, se pronostica una temperatura m\u00e1xima de 31 grados y una m\u00ednima de 22. En la regi\u00f3n oriental, las temperaturas alcanzar\u00e1n los 31 grados como m\u00e1xima y 22 grados como m\u00ednima. En el occidente, se espera una m\u00e1xima de 30 grados y una m\u00ednima de 15 grados. Mientras tanto, en la zona sur, predominar\u00e1n temperaturas altas, con una m\u00e1xima de 35 grados y una m\u00ednima de 25 grados.<\/p>\n<div class=\"twitter-tweet twitter-tweet-rendered\"><\/div>\n","protected":false},"excerpt":{"rendered":"<p>La Secretar\u00eda de Gesti\u00f3n de Riesgos y Contingencias Nacionales (Copeco) emiti\u00f3 un informe sobre las condiciones meteorol\u00f3gicas previstas para este jueves en Honduras. Seg\u00fan el pron\u00f3stico, se espera una combinaci\u00f3n de condiciones secas y lluvias aisladas en diferentes partes del pa\u00eds. El pronosticador de turno del Centro Nacional de Estudios Atmosf\u00e9ricos y S\u00edsmicos (Cenaos), perteneciente &hellip;<\/p>\n","protected":false},"author":0,"featured_media":65269,"comment_status":"open","ping_status":"open","sticky":false,"template":"","format":"standard","meta":{"_jetpack_memberships_contains_paid_content":false,"footnotes":""},"categories":[5],"tags":[],"class_list":["post-65268","post","type-post","status-publish","format-standard","has-post-thumbnail","","category-noticias"],"jetpack_sharing_enabled":true,"jetpack_featured_media_url":"https:\/\/mickyandoniehn.com\/radio\/wp-content\/uploads\/2023\/11\/tiempo-TRIBU-7-5eqLE5.jpeg","_links":{"self":[{"href":"https:\/\/mickyandoniehn.com\/radio\/wp-json\/wp\/v2\/posts\/65268","targetHints":{"allow":["GET"]}}],"collection":[{"href":"https:\/\/mickyandoniehn.com\/radio\/wp-json\/wp\/v2\/posts"}],"about":[{"href":"https:\/\/mickyandoniehn.com\/radio\/wp-json\/wp\/v2\/types\/post"}],"replies":[{"embeddable":true,"href":"https:\/\/mickyandoniehn.com\/radio\/wp-json\/wp\/v2\/comments?post=65268"}],"version-history":[{"count":0,"href":"https:\/\/mickyandoniehn.com\/radio\/wp-json\/wp\/v2\/posts\/65268\/revisions"}],"wp:featuredmedia":[{"embeddable":true,"href":"https:\/\/mickyandoniehn.com\/radio\/wp-json\/wp\/v2\/media\/65269"}],"wp:attachment":[{"href":"https:\/\/mickyandoniehn.com\/radio\/wp-json\/wp\/v2\/media?parent=65268"}],"wp:term":[{"taxonomy":"category","embeddable":true,"href":"https:\/\/mickyandoniehn.com\/radio\/wp-json\/wp\/v2\/categories?post=65268"},{"taxonomy":"post_tag","embeddable":true,"href":"https:\/\/mickyandoniehn.com\/radio\/wp-json\/wp\/v2\/tags?post=65268"}],"curies":[{"name":"wp","href":"https:\/\/api.w.org\/{rel}","templated":true}]}}