{"id":65173,"date":"2023-11-28T15:12:56","date_gmt":"2023-11-28T21:12:56","guid":{"rendered":"http:\/\/mickyandoniehn.com\/radio\/2023\/11\/28\/se-da-inicio-al-proyecto-de-pavimento-de-concreto-hidraulico-en-dos-tramos-del-barrio-san-antonio-en-el-municipio-de-lejamani\/"},"modified":"2023-11-28T15:12:56","modified_gmt":"2023-11-28T21:12:56","slug":"se-da-inicio-al-proyecto-de-pavimento-de-concreto-hidraulico-en-dos-tramos-del-barrio-san-antonio-en-el-municipio-de-lejamani","status":"publish","type":"post","link":"https:\/\/mickyandoniehn.com\/radio\/2023\/11\/28\/se-da-inicio-al-proyecto-de-pavimento-de-concreto-hidraulico-en-dos-tramos-del-barrio-san-antonio-en-el-municipio-de-lejamani\/","title":{"rendered":"Se da inicio al proyecto de pavimento de concreto hidr\u00e1ulico en dos tramos del barrio San Antonio en el Municipio de Lejaman\u00ed"},"content":{"rendered":"<div class=\"xdj266r x11i5rnm xat24cr x1mh8g0r x1vvkbs x126k92a\">\n<div><\/div>\n<div><\/div>\n<div>Con gran alegr\u00eda, se di\u00f3 inicio al proyecto de pavimento de concreto hidr\u00e1ulico en dos tramos del barrio San Antonio .<\/div>\n<\/div>\n<div class=\"x11i5rnm xat24cr x1mh8g0r x1vvkbs xtlvy1s x126k92a\">\n<div>Gracias a la excelente gesti\u00f3n y compromiso por el desarrollo del municipio del se\u00f1or alcalde <a class=\"x1i10hfl xjbqb8w x6umtig x1b1mbwd xaqea5y xav7gou x9f619 x1ypdohk xt0psk2 xe8uvvx xdj266r x11i5rnm xat24cr x1mh8g0r xexx8yu x4uap5 x18d9i69 xkhd6sd x16tdsg8 x1hl2dhg xggy1nq x1a2a7pz xt0b8zv x1qq9wsj xo1l8bm\" href=\"https:\/\/www.facebook.com\/francisco.mendez.581187?__cft__%5B0%5D=AZWOd5PK5O3e5zVGqY9-nXA8fhfagDl5_w7YK-O_qxWgMJDZN6K8lUnsUa0B2riWEaomLowo28lMqwhtISVxzLckzF48FuHbYW2YyB7L6VfCA54DHD7n0EmWvVz5v1qpI3iP5SUbUukvlDEdOmoKJh3dPoEHfWNpkhF2ofzJB-aHhA&amp;__tn__=-%5DK-R\"><span class=\"xt0psk2\">Francisco Mendez<\/span><\/a> .<\/div>\n<\/div>\n<div class=\"x11i5rnm xat24cr x1mh8g0r x1vvkbs xtlvy1s x126k92a\">\n<div><\/div>\n<\/div>\n<div class=\"x11i5rnm xat24cr x1mh8g0r x1vvkbs xtlvy1s x126k92a\">\n<div>Este Proyecto es ejecutado con fondos municipales y de transferencia.<\/div>\n<\/div>\n","protected":false},"excerpt":{"rendered":"<p>Con gran alegr\u00eda, se di\u00f3 inicio al proyecto de pavimento de concreto hidr\u00e1ulico en dos tramos del barrio San Antonio . Gracias a la excelente gesti\u00f3n y compromiso por el desarrollo del municipio del se\u00f1or alcalde Francisco Mendez . Este Proyecto es ejecutado con fondos municipales y de transferencia.<\/p>\n","protected":false},"author":0,"featured_media":65174,"comment_status":"open","ping_status":"open","sticky":false,"template":"","format":"standard","meta":{"_jetpack_memberships_contains_paid_content":false,"footnotes":""},"categories":[5],"tags":[],"class_list":["post-65173","post","type-post","status-publish","format-standard","has-post-thumbnail","","category-noticias"],"jetpack_sharing_enabled":true,"jetpack_featured_media_url":"https:\/\/mickyandoniehn.com\/radio\/wp-content\/uploads\/2023\/11\/402054411_306615535631839_4160887428094145374_n-XSUDZb.jpeg","_links":{"self":[{"href":"https:\/\/mickyandoniehn.com\/radio\/wp-json\/wp\/v2\/posts\/65173","targetHints":{"allow":["GET"]}}],"collection":[{"href":"https:\/\/mickyandoniehn.com\/radio\/wp-json\/wp\/v2\/posts"}],"about":[{"href":"https:\/\/mickyandoniehn.com\/radio\/wp-json\/wp\/v2\/types\/post"}],"replies":[{"embeddable":true,"href":"https:\/\/mickyandoniehn.com\/radio\/wp-json\/wp\/v2\/comments?post=65173"}],"version-history":[{"count":0,"href":"https:\/\/mickyandoniehn.com\/radio\/wp-json\/wp\/v2\/posts\/65173\/revisions"}],"wp:featuredmedia":[{"embeddable":true,"href":"https:\/\/mickyandoniehn.com\/radio\/wp-json\/wp\/v2\/media\/65174"}],"wp:attachment":[{"href":"https:\/\/mickyandoniehn.com\/radio\/wp-json\/wp\/v2\/media?parent=65173"}],"wp:term":[{"taxonomy":"category","embeddable":true,"href":"https:\/\/mickyandoniehn.com\/radio\/wp-json\/wp\/v2\/categories?post=65173"},{"taxonomy":"post_tag","embeddable":true,"href":"https:\/\/mickyandoniehn.com\/radio\/wp-json\/wp\/v2\/tags?post=65173"}],"curies":[{"name":"wp","href":"https:\/\/api.w.org\/{rel}","templated":true}]}}