{"id":64308,"date":"2023-11-01T11:13:09","date_gmt":"2023-11-01T17:13:09","guid":{"rendered":"http:\/\/mickyandoniehn.com\/radio\/2023\/11\/01\/personalidades-que-estan-y-estarian-de-cumpleanos-el-dia-de-hoy-28\/"},"modified":"2023-11-01T11:13:09","modified_gmt":"2023-11-01T17:13:09","slug":"personalidades-que-estan-y-estarian-de-cumpleanos-el-dia-de-hoy-28","status":"publish","type":"post","link":"https:\/\/mickyandoniehn.com\/radio\/2023\/11\/01\/personalidades-que-estan-y-estarian-de-cumpleanos-el-dia-de-hoy-28\/","title":{"rendered":"Personalidades que est\u00e1n y estar\u00edan de cumplea\u00f1os el d\u00eda de Hoy"},"content":{"rendered":"<\/p>\n","protected":false},"excerpt":{"rendered":"","protected":false},"author":0,"featured_media":531,"comment_status":"open","ping_status":"open","sticky":false,"template":"","format":"standard","meta":{"_jetpack_memberships_contains_paid_content":false,"footnotes":""},"categories":[5],"tags":[],"class_list":["post-64308","post","type-post","status-publish","format-standard","has-post-thumbnail","","category-noticias"],"jetpack_sharing_enabled":true,"jetpack_featured_media_url":"https:\/\/mickyandoniehn.com\/radio\/wp-content\/uploads\/2021\/10\/PERSONALIDADES-6-DE-OCTUBRE-H1Y4Fk.jpeg","_links":{"self":[{"href":"https:\/\/mickyandoniehn.com\/radio\/wp-json\/wp\/v2\/posts\/64308","targetHints":{"allow":["GET"]}}],"collection":[{"href":"https:\/\/mickyandoniehn.com\/radio\/wp-json\/wp\/v2\/posts"}],"about":[{"href":"https:\/\/mickyandoniehn.com\/radio\/wp-json\/wp\/v2\/types\/post"}],"replies":[{"embeddable":true,"href":"https:\/\/mickyandoniehn.com\/radio\/wp-json\/wp\/v2\/comments?post=64308"}],"version-history":[{"count":0,"href":"https:\/\/mickyandoniehn.com\/radio\/wp-json\/wp\/v2\/posts\/64308\/revisions"}],"wp:featuredmedia":[{"embeddable":true,"href":"https:\/\/mickyandoniehn.com\/radio\/wp-json\/wp\/v2\/media\/531"}],"wp:attachment":[{"href":"https:\/\/mickyandoniehn.com\/radio\/wp-json\/wp\/v2\/media?parent=64308"}],"wp:term":[{"taxonomy":"category","embeddable":true,"href":"https:\/\/mickyandoniehn.com\/radio\/wp-json\/wp\/v2\/categories?post=64308"},{"taxonomy":"post_tag","embeddable":true,"href":"https:\/\/mickyandoniehn.com\/radio\/wp-json\/wp\/v2\/tags?post=64308"}],"curies":[{"name":"wp","href":"https:\/\/api.w.org\/{rel}","templated":true}]}}