{"id":64149,"date":"2023-10-27T14:16:47","date_gmt":"2023-10-27T20:16:47","guid":{"rendered":"https:\/\/mickyandoniehn.com\/radio\/2023\/10\/27\/cortes-de-energia-programados-para-este-domingo-29-de-octubre-interrupciones-para-este-fin-de-semana\/"},"modified":"2023-10-27T14:16:47","modified_gmt":"2023-10-27T20:16:47","slug":"cortes-de-energia-programados-para-este-domingo-29-de-octubre-interrupciones-para-este-fin-de-semana","status":"publish","type":"post","link":"https:\/\/mickyandoniehn.com\/radio\/2023\/10\/27\/cortes-de-energia-programados-para-este-domingo-29-de-octubre-interrupciones-para-este-fin-de-semana\/","title":{"rendered":"Cortes de energ\u00eda programados para este domingo 29 de octubre: interrupciones para este fin de semana"},"content":{"rendered":"<\/p>\n<p>El pasado 22 de octubre, el<strong>\u00a0Centro Nacional de Despacho\u00a0<\/strong>(CND) dio a conocer su calendario de cortes de energ\u00eda para esta semana, en el cual se indic\u00f3 que solamente el d\u00eda\u00a0<strong>domingo 29\u00a0<\/strong>habr\u00eda interrupciones en el\u00a0<strong>sistema<\/strong>.<\/p>\n<p>A diferencia de semanas atr\u00e1s, donde los\u00a0<strong>cortes\u00a0<\/strong>se produc\u00edan en m\u00e1s de tres d\u00edas, esta semana solamente un d\u00eda habr\u00e1 apagones, sin embargo, ser\u00e1n en<strong>\u00a0varios lugares de Honduras.<\/strong><\/p>\n<div class=\"teads-inread sm-screen\">\n<div><\/div>\n<\/div>\n<div class=\"row\">\n<div class=\"col-md-12\">\n<div class=\"text-center 1625630037460\">\n<div class=\"justify-content-center w-100 banner720\">\n<div>Seg\u00fan este calendario del CND, los cortes ser\u00e1n en la zona central y en la zona norte, espec\u00edficamente en <strong>Villanueva<\/strong>, Cort\u00e9s, y se llevar\u00e1n a cabo en dos<strong>\u00a0horarios diferentes.<\/strong><\/div>\n<\/div>\n<\/div>\n<\/div>\n<\/div>\n<h2>Cortes de energ\u00eda domingo<\/h2>\n<p>Estas interrupciones el\u00e9ctricas ser\u00e1n debido a mantenimiento en una de las l\u00edneas y tambi\u00e9n a un transformador de potencia\u00a0<strong>VNU-T538\u00a0<\/strong>en la subestaci\u00f3n de\u00a0<strong>Villanueva<\/strong>.<\/p>\n<p>En Villanueva los cortes ser\u00e1n de 9:30 am a 5:30 pm:<\/p>\n<p>Villa Real.<br \/>\nLas Canadas.<br \/>\nRes. La Joya.<br \/>\nDos Caminos.<br \/>\nJardines de Dos Caminos.<br \/>\nSanta Fe.<br \/>\nAltos de Santa Fe.<br \/>\nGracias a Dios.<br \/>\nEl Renacer.<br \/>\nColinas Suiza I y II.<br \/>\nShalom.<br \/>\nEl Milagro.<br \/>\nAldea El Milagro.<br \/>\nBrisas El Milagro.<br \/>\nRes. Camino Real.<br \/>\nRes. Shalom.<br \/>\n15 de junio.<br \/>\nNueva Jerusal\u00e9n.<br \/>\nGuarumas.<br \/>\nLas Ca\u00f1adas.<br \/>\nCol. Siboney.<br \/>\nAldea La Sabana (San Manuel).<br \/>\nPlycen.<br \/>\nComercial Laeiz.<br \/>\nBecame.<br \/>\nCamas Olimpia.<br \/>\nIngenio Santa Matilde.<br \/>\nCowle.<br \/>\nGuadalupe.<br \/>\nCorosalito.<br \/>\nZip B\u00fafalo.<br \/>\nSupermercados Dos Caminos.<br \/>\nCol. Hacienda Real.<br \/>\nRes. Guacamaya I y II etapa.<br \/>\nPueblo Nuevo.<br \/>\nZip Buena Vista.<br \/>\nTropigas.<br \/>\nBemex.<br \/>\nColisa.<br \/>\nMotel Lucero de Sula.<br \/>\nBo. El Centro.<br \/>\nBo. Las Flores.<br \/>\nAldea El Para\u00edso.<br \/>\nCoxgas.<br \/>\nPalmaplast.<br \/>\nDinaplast.<br \/>\nPlastinova.<br \/>\nRes. La Hacienda.<br \/>\nPronorsa.<br \/>\nBendici\u00f3n de Dios.<br \/>\nLuis Garc\u00eda Bustamanete.<br \/>\nLos Casta\u00f1os I, II y III etapa.<br \/>\nLas Colinas Nuevo Renacer.<br \/>\nCol. Gran Breta\u00f1a.<br \/>\nSanta Eduviges.<br \/>\nEl Corosal I y II.<br \/>\nBrisas del Calan.<br \/>\nEl Calan.<br \/>\nEspa\u00f1a.<br \/>\nEl Cal\u00e1n.<br \/>\nVillas del R\u00edo.<br \/>\nKM71.<br \/>\nVista Hermosa I y II etapa.<br \/>\nRes. San \u00c1ngel.<br \/>\nAlc\u00f3n Kimberly Clark.<br \/>\nPl\u00e1sticos Gamoz.<br \/>\nOlepsa.<br \/>\nTapas de Centroam\u00e9rica.<br \/>\nRes. Real de Puente I y II etapa.<br \/>\nRes, B\u00fafalo Villa.<br \/>\nPlaza B\u00fafalo.<br \/>\nIndehma (Yodeco).<br \/>\nAlfa Pack.<br \/>\nMiguel Calvo.<br \/>\nLa Gran Villa.<br \/>\nGurisa.<br \/>\nZip Villanueva.<br \/>\nCl\u00ednica Perif\u00e9rica IHSS Villanueva.<\/p>\n<p>Cortes de luz para la zona norte. Foto: CND<\/p>\n<p>En la zona central ser\u00e1 de 8:30 am a 4:30 pm:<\/p>\n<div class=\"row\">\n<div class=\"col-md-12\">\n<div class=\"text-center section_banner_728x90 inline-1582844439901\"><\/div>\n<\/div>\n<\/div>\n<p>Parte Bo. La Ronda.<br \/>\nParte Bo. Guanacaste.<br \/>\nBo. El Ed\u00e9n.<br \/>\nBrisas del Picachito.<br \/>\nCol. Viera.<br \/>\nCasamata.<br \/>\nReparto Abajo.<br \/>\nBo. Reparto Arriba.<br \/>\nCana\u00e1n.<br \/>\nCol. Guill\u00e9n.<br \/>\nCol. Marichal.<br \/>\nCol. Bolivar.<br \/>\nCol. Villas del R\u00edo.<br \/>\nCol. Santa Rosa.<br \/>\nCol. Suazo C\u00f3rdoba.<br \/>\nCol. Mej\u00eda.<br \/>\nParque Finlay.<br \/>\nCentro de Salud.<br \/>\nCol. La Reforma.<br \/>\nBo. Manchen.<br \/>\nEmbajada de Estados Unidos.<br \/>\nAvenida La Paz.<br \/>\nBo. San Pablo.<br \/>\nMercado San Pablo.<br \/>\nMarina Mercante.<br \/>\nCanchas de basquetbol por Escuela Jos\u00e9 Cecilio del Valle y zonas aleda\u00f1as.<\/p>\n<p>Cortes de energ\u00eda para este domingo 29 de octubre. Foto: Cortes\u00edaFuente: latribuna.hn<\/p>\n","protected":false},"excerpt":{"rendered":"<p>El pasado 22 de octubre, el\u00a0Centro Nacional de Despacho\u00a0(CND) dio a conocer su calendario de cortes de energ\u00eda para esta semana, en el cual se indic\u00f3 que solamente el d\u00eda\u00a0domingo 29\u00a0habr\u00eda interrupciones en el\u00a0sistema. A diferencia de semanas atr\u00e1s, donde los\u00a0cortes\u00a0se produc\u00edan en m\u00e1s de tres d\u00edas, esta semana solamente un d\u00eda habr\u00e1 apagones, sin &hellip;<\/p>\n","protected":false},"author":0,"featured_media":64150,"comment_status":"open","ping_status":"open","sticky":false,"template":"","format":"standard","meta":{"_jetpack_memberships_contains_paid_content":false,"footnotes":""},"categories":[5],"tags":[],"class_list":["post-64149","post","type-post","status-publish","format-standard","has-post-thumbnail","","category-noticias"],"jetpack_sharing_enabled":true,"jetpack_featured_media_url":"https:\/\/mickyandoniehn.com\/radio\/wp-content\/uploads\/2023\/10\/principal_cortes-energia-programados-este-domingo-29-octubre-interrupciones-fin-semana-1-jCFLBS.jpeg","_links":{"self":[{"href":"https:\/\/mickyandoniehn.com\/radio\/wp-json\/wp\/v2\/posts\/64149","targetHints":{"allow":["GET"]}}],"collection":[{"href":"https:\/\/mickyandoniehn.com\/radio\/wp-json\/wp\/v2\/posts"}],"about":[{"href":"https:\/\/mickyandoniehn.com\/radio\/wp-json\/wp\/v2\/types\/post"}],"replies":[{"embeddable":true,"href":"https:\/\/mickyandoniehn.com\/radio\/wp-json\/wp\/v2\/comments?post=64149"}],"version-history":[{"count":0,"href":"https:\/\/mickyandoniehn.com\/radio\/wp-json\/wp\/v2\/posts\/64149\/revisions"}],"wp:featuredmedia":[{"embeddable":true,"href":"https:\/\/mickyandoniehn.com\/radio\/wp-json\/wp\/v2\/media\/64150"}],"wp:attachment":[{"href":"https:\/\/mickyandoniehn.com\/radio\/wp-json\/wp\/v2\/media?parent=64149"}],"wp:term":[{"taxonomy":"category","embeddable":true,"href":"https:\/\/mickyandoniehn.com\/radio\/wp-json\/wp\/v2\/categories?post=64149"},{"taxonomy":"post_tag","embeddable":true,"href":"https:\/\/mickyandoniehn.com\/radio\/wp-json\/wp\/v2\/tags?post=64149"}],"curies":[{"name":"wp","href":"https:\/\/api.w.org\/{rel}","templated":true}]}}