{"id":63428,"date":"2023-10-03T16:12:50","date_gmt":"2023-10-03T22:12:50","guid":{"rendered":"https:\/\/mickyandoniehn.com\/radio\/2023\/10\/03\/excursiones-abarrotan-tela\/"},"modified":"2023-10-03T16:12:50","modified_gmt":"2023-10-03T22:12:50","slug":"excursiones-abarrotan-tela","status":"publish","type":"post","link":"https:\/\/mickyandoniehn.com\/radio\/2023\/10\/03\/excursiones-abarrotan-tela\/","title":{"rendered":"Excursiones abarrotan Tela"},"content":{"rendered":"<\/p>\n<p class=\"mb-6\"><em><strong>TELA, Atl\u00e1ntida<\/strong><\/em>.<strong> 03.10.2023<\/strong><\/p>\n<p class=\"mb-6\">La municipalidad que lidera el alcalde, Ricardo C\u00e1lix, han trabajado en los preparativos previo a la Semana Moraz\u00e1nica.<\/p>\n<p class=\"mb-6\">Para comenzar se ha iniciado a restaurar los paradores fotogr\u00e1ficos, adem\u00e1s se realiz\u00f3 una masiva campa\u00f1a de limpieza de \u00e1reas verdes y playas municipales y se instalaron m\u00e1s recipientes de recolecci\u00f3n de desechos s\u00f3lidos.<\/p>\n<p class=\"mb-6\">As\u00ed como la reparaci\u00f3n de duchas y sanitarios para mejorar la atenci\u00f3n al turista.<\/p>\n<p class=\"mb-6\">El alcalde, Ricardo C\u00e1lix, expres\u00f3 que no podemos dejar de mencionar la espectacular vida nocturna que se disfruta en el bulevar costero, siendo Tela una ciudad de paz.<\/p>\n<p class=\"mb-6\">Tela, es belleza \u00fanica y natural. As\u00ed lo dice su eslogan de campa\u00f1a, que invita a nacionales y extranjeros a disfrutar de estos paradis\u00edacos lugares.<\/p>\n<p class=\"mb-6\">Ya que, en Tela, se puede practicar una diversidad de turismo, y cuenta con \u00e1reas protegidas y los mejores arrecifes coralinos de la bah\u00eda, agreg\u00f3 el edil.<\/p>\n<p>Las excursiones empezaron a llegar desde el domingo a Tela.<\/p>\n<p class=\"mb-6\">El alcalde C\u00e1lix invita a visitar y pasar las mejores vacaciones en esta ciudad con calidad, que es ba\u00f1ada sus costas por el mar Caribe, visitando lugares tur\u00edsticos como Lancetilla, parque nacional Blanca Jeannette Kawas, Punta Izopo, las comunidades gar\u00edfunas, como Triunfo de la Cruz, La Ensenada, Tornab\u00e9, San Juan, y otros lugares encantadores.<\/p>\n<p class=\"mb-6\">Damos la bienvenida a turistas nacionales e internacionales, a las playas m\u00e1s bellas de Centro Am\u00e9rica, Tela les espera.<\/p>\n<p class=\"mb-6\">El lunes ya muchas personas empezaron a llegar, a trav\u00e9s de excursiones, a las playas y se espera que la cifra de visitantes sobrepase los 400 o 500 mil.<\/p>\n<p class=\"mb-6\">Larisa C\u00e1lix, directora de la Unidad Municipal de Turismo, expres\u00f3 que los hoteles registran un 75 por ciento y que a\u00fan hay habitaciones disponibles, para pasar la Semana Moraz\u00e1nica en las playas de Tela.<\/p>\n<p>Lindas chicas ya se apoderaron de las playas de la ciudad.<\/p>\n<p>Fuente: latribuna.hn<\/p>\n","protected":false},"excerpt":{"rendered":"<p>TELA, Atl\u00e1ntida. 03.10.2023 La municipalidad que lidera el alcalde, Ricardo C\u00e1lix, han trabajado en los preparativos previo a la Semana Moraz\u00e1nica. Para comenzar se ha iniciado a restaurar los paradores fotogr\u00e1ficos, adem\u00e1s se realiz\u00f3 una masiva campa\u00f1a de limpieza de \u00e1reas verdes y playas municipales y se instalaron m\u00e1s recipientes de recolecci\u00f3n de desechos s\u00f3lidos. &hellip;<\/p>\n","protected":false},"author":0,"featured_media":63429,"comment_status":"open","ping_status":"open","sticky":false,"template":"","format":"standard","meta":{"_jetpack_memberships_contains_paid_content":false,"footnotes":""},"categories":[5],"tags":[],"class_list":["post-63428","post","type-post","status-publish","format-standard","has-post-thumbnail","","category-noticias"],"jetpack_sharing_enabled":true,"jetpack_featured_media_url":"https:\/\/mickyandoniehn.com\/radio\/wp-content\/uploads\/2023\/10\/TELA-VERANEANTES-3-l7iI44.jpeg","_links":{"self":[{"href":"https:\/\/mickyandoniehn.com\/radio\/wp-json\/wp\/v2\/posts\/63428","targetHints":{"allow":["GET"]}}],"collection":[{"href":"https:\/\/mickyandoniehn.com\/radio\/wp-json\/wp\/v2\/posts"}],"about":[{"href":"https:\/\/mickyandoniehn.com\/radio\/wp-json\/wp\/v2\/types\/post"}],"replies":[{"embeddable":true,"href":"https:\/\/mickyandoniehn.com\/radio\/wp-json\/wp\/v2\/comments?post=63428"}],"version-history":[{"count":0,"href":"https:\/\/mickyandoniehn.com\/radio\/wp-json\/wp\/v2\/posts\/63428\/revisions"}],"wp:featuredmedia":[{"embeddable":true,"href":"https:\/\/mickyandoniehn.com\/radio\/wp-json\/wp\/v2\/media\/63429"}],"wp:attachment":[{"href":"https:\/\/mickyandoniehn.com\/radio\/wp-json\/wp\/v2\/media?parent=63428"}],"wp:term":[{"taxonomy":"category","embeddable":true,"href":"https:\/\/mickyandoniehn.com\/radio\/wp-json\/wp\/v2\/categories?post=63428"},{"taxonomy":"post_tag","embeddable":true,"href":"https:\/\/mickyandoniehn.com\/radio\/wp-json\/wp\/v2\/tags?post=63428"}],"curies":[{"name":"wp","href":"https:\/\/api.w.org\/{rel}","templated":true}]}}