{"id":63427,"date":"2023-10-03T15:12:34","date_gmt":"2023-10-03T21:12:34","guid":{"rendered":"http:\/\/mickyandoniehn.com\/radio\/2023\/10\/03\/1er-lunes-de-octubre-dia-mundial-del-habitat\/"},"modified":"2023-10-03T15:12:34","modified_gmt":"2023-10-03T21:12:34","slug":"1er-lunes-de-octubre-dia-mundial-del-habitat","status":"publish","type":"post","link":"https:\/\/mickyandoniehn.com\/radio\/2023\/10\/03\/1er-lunes-de-octubre-dia-mundial-del-habitat\/","title":{"rendered":"1er. Lunes de Octubre: D\u00eda Mundial del H\u00e1bitat"},"content":{"rendered":"<\/p>\n<p><strong>En el a\u00f1o 1985 la ONU decidi\u00f3 proclamar el primer lunes de octubre como D\u00eda Mundial del H\u00e1bitat<\/strong>, con el objetivo de garantizar que el desarrollo de las ciudades se hiciera de forma sostenible y realmente garantizar\u00e1 a todos los ciudadanos su derecho de contar con una vivienda digna para el resguardo de sus familias.<\/p>\n<h3>\u00bfPor qu\u00e9 celebrar un D\u00eda del H\u00e1bitat?<\/h3>\n<p>El gran detonante que motiv\u00f3 la creaci\u00f3n de este d\u00eda, fue que, desde la d\u00e9cada de los 80 a esta parte, se ha visto como, cada vez m\u00e1s personas que viven en zonas rurales, abandonan sus hogares y se trasladan a las ciudades, con el anhelo de conseguir un mejor estilo de vida.<\/p>\n<p>Se estima que\u00a0<strong><em>para el 2030 el 60% de toda la poblaci\u00f3n mundial haya abandonado los campos<\/em><\/strong>, asent\u00e1ndose en las periferias de las ciudades y sin una buena planificaci\u00f3n, esta migraci\u00f3n solo podr\u00e1 traer zonas deprimidas, pobreza, delincuencia, desempleo, contaminaci\u00f3n y enfermedades.<\/p>\n","protected":false},"excerpt":{"rendered":"<p>En el a\u00f1o 1985 la ONU decidi\u00f3 proclamar el primer lunes de octubre como D\u00eda Mundial del H\u00e1bitat, con el objetivo de garantizar que el desarrollo de las ciudades se hiciera de forma sostenible y realmente garantizar\u00e1 a todos los ciudadanos su derecho de contar con una vivienda digna para el resguardo de sus familias. &hellip;<\/p>\n","protected":false},"author":0,"featured_media":0,"comment_status":"open","ping_status":"open","sticky":false,"template":"","format":"standard","meta":{"_jetpack_memberships_contains_paid_content":false,"footnotes":""},"categories":[5],"tags":[],"class_list":["post-63427","post","type-post","status-publish","format-standard","","category-noticias"],"jetpack_sharing_enabled":true,"jetpack_featured_media_url":"","_links":{"self":[{"href":"https:\/\/mickyandoniehn.com\/radio\/wp-json\/wp\/v2\/posts\/63427","targetHints":{"allow":["GET"]}}],"collection":[{"href":"https:\/\/mickyandoniehn.com\/radio\/wp-json\/wp\/v2\/posts"}],"about":[{"href":"https:\/\/mickyandoniehn.com\/radio\/wp-json\/wp\/v2\/types\/post"}],"replies":[{"embeddable":true,"href":"https:\/\/mickyandoniehn.com\/radio\/wp-json\/wp\/v2\/comments?post=63427"}],"version-history":[{"count":0,"href":"https:\/\/mickyandoniehn.com\/radio\/wp-json\/wp\/v2\/posts\/63427\/revisions"}],"wp:attachment":[{"href":"https:\/\/mickyandoniehn.com\/radio\/wp-json\/wp\/v2\/media?parent=63427"}],"wp:term":[{"taxonomy":"category","embeddable":true,"href":"https:\/\/mickyandoniehn.com\/radio\/wp-json\/wp\/v2\/categories?post=63427"},{"taxonomy":"post_tag","embeddable":true,"href":"https:\/\/mickyandoniehn.com\/radio\/wp-json\/wp\/v2\/tags?post=63427"}],"curies":[{"name":"wp","href":"https:\/\/api.w.org\/{rel}","templated":true}]}}