{"id":52120,"date":"2023-03-08T10:19:14","date_gmt":"2023-03-08T16:19:14","guid":{"rendered":"https:\/\/mickyandoniehn.com\/radio\/2023\/03\/08\/un-empleado-de-twitter-no-sabia-si-habia-sido-despedido-acabo-tuiteando-a-elon-musk-para-salir-de-dudas\/"},"modified":"2023-03-08T10:19:14","modified_gmt":"2023-03-08T16:19:14","slug":"un-empleado-de-twitter-no-sabia-si-habia-sido-despedido-acabo-tuiteando-a-elon-musk-para-salir-de-dudas","status":"publish","type":"post","link":"https:\/\/mickyandoniehn.com\/radio\/2023\/03\/08\/un-empleado-de-twitter-no-sabia-si-habia-sido-despedido-acabo-tuiteando-a-elon-musk-para-salir-de-dudas\/","title":{"rendered":"Un empleado de Twitter no sab\u00eda si hab\u00eda sido despedido; acab\u00f3 tuiteando a Elon Musk para salir de dudas"},"content":{"rendered":"<\/p>\n<p>Hay tanto caos en Twitter, que hasta algunos trabajadores ya no saben si han sido despedidos. Es el caso de Halli Thorleifsson, quien tras varios d\u00edas sin tener acceso a su ordenador de trabajo, y despu\u00e9s de que el responsable de recursos humanos no haya podido confirmar si todav\u00eda es un empleado de la compa\u00f1\u00eda,\u00a0<strong>ha tenido que preguntarle al propio Elon Musk mediante un tweet si ha sido despedido.<\/strong><\/p>\n<p>\u201cQuerido Elon Musk, hace 9 d\u00edas se cort\u00f3 el acceso al ordenador de mi trabajo, junto con\u00a0<a href=\"https:\/\/hipertextual.com\/2023\/02\/twitter-despidos-2\">otros 200 empleados<\/a>\u00a0de Twitter. Sin embargo, su jefe de recursos humanos no puede confirmar si soy un empleado o no. No has respondido a mis correos electr\u00f3nicos\u201d, ha escrito Thorleifsson en un primer tweet donde tambi\u00e9n ped\u00eda difusi\u00f3n para que llegara al magnate. Horas despu\u00e9s, Elon Musk respond\u00eda\u00a0<strong>\u201c\u00bfQu\u00e9 trabajo has estado haciendo?\u201d.<\/strong><\/p>\n<p>Thorleifsson, quien era director s\u00e9nior de dise\u00f1o de productos para Twitter, respondi\u00f3 a Musk afirmando que\u00a0<strong>ten\u00eda que romper el contrato de confidencialidad si contaba p\u00fablicamente en qu\u00e9 ha estado trabajando<\/strong>.<\/p>\n<div class=\"wp-block-embed__wrapper\">\n<div class=\"twitter-tweet twitter-tweet-rendered\"><\/div>\n<\/div>\n<p>\u201cSi haces que tus abogados compartan por escrito que puedo hacer eso [romper el contrato], \u00a1entonces estar\u00e9 feliz de discutirlo abiertamente!\u201d, ha dicho. \u201cEst\u00e1 aprobado, adelante\u201d, respondi\u00f3 Elon Musk.<\/p>\n<h2 class=\"has-text-align-center\">Elon Musk responde con dos emojis de risa para confirmar que ha despedido a un empleado de Twitter<\/h2>\n<p>Thorleifsson no tard\u00f3 en\u00a0<strong>compartir una lista de las tareas que se le hab\u00edan encargado en Twitter<\/strong>. Entre ellas, liderar \u201cel esfuerzo para ahorrar alrededor de 500.0000 d\u00f3lares en un contrato de SaaS\u201d y \u201cla priorizaci\u00f3n de proyectos de dise\u00f1o en toda la empresa\u201d con el objetivo de poder cumplir los objetivos \u201ccon un equipo peque\u00f1o\u201d.<\/p>\n<p>M\u00e1s adelante, Elon Musk le pregunt\u00f3 lo siguiente: \u201c\u00bfQu\u00e9 contrato SaaS exactamente? \u00bfPriorizaci\u00f3n de qu\u00e9 proyectos de dise\u00f1o?\u201d. \u201cFigma. Todos los proyectos de dise\u00f1o activos\u201d, respondi\u00f3 Thorleifsson.\u00a0<strong>Musk termin\u00f3 la conversaci\u00f3n respondiendo dos emojis de risa<\/strong>.<\/p>\n<div class=\"wp-block-embed__wrapper\">\n<div class=\"twitter-tweet twitter-tweet-rendered\"><\/div>\n<\/div>\n<p>Thorleifsson, ha revelado a la\u00a0<em><a href=\"https:\/\/www.bbc.com\/news\/technology-64871183\">BBC<\/a><\/em>\u00a0que instantes despu\u00e9s de ese tweet,\u00a0<strong>el departamento de recursos humanos se puso en contacto con \u00e9l para confirmarle que lo hab\u00edan despedido.<\/strong><\/p>\n<p>El ex empleado, que padece de distrofia muscular, entr\u00f3 a Twitter gracias a que la compa\u00f1\u00eda adquiri\u00f3 en 2021 Ueno, su startup de dise\u00f1o creativo. Ahora, teme que Elon Musk no cumpla con el contrato que cerr\u00f3 con la compa\u00f1\u00eda hace unos a\u00f1os y que no le pague lo que Twitter todav\u00eda le debe. \u201cEsto es extremadamente estresante. Este es mi fondo de jubilaci\u00f3n, una forma de cuidar de m\u00ed y de mi familia a medida que mi enfermedad progresa. Tener al hombre m\u00e1s rico del mundo en el otro extremo de esto, negarse potencialmente a mantener los contratos no es f\u00e1cil de aceptar para m\u00ed\u201d, ha destacado al citado medio.<\/p>\n<p><strong>Fuente: hipertextual.com<\/strong><\/p>\n","protected":false},"excerpt":{"rendered":"<p>Hay tanto caos en Twitter, que hasta algunos trabajadores ya no saben si han sido despedidos. Es el caso de Halli Thorleifsson, quien tras varios d\u00edas sin tener acceso a su ordenador de trabajo, y despu\u00e9s de que el responsable de recursos humanos no haya podido confirmar si todav\u00eda es un empleado de la compa\u00f1\u00eda,\u00a0ha &hellip;<\/p>\n","protected":false},"author":0,"featured_media":52121,"comment_status":"open","ping_status":"open","sticky":false,"template":"","format":"standard","meta":{"_jetpack_memberships_contains_paid_content":false,"footnotes":""},"categories":[5],"tags":[],"class_list":["post-52120","post","type-post","status-publish","format-standard","has-post-thumbnail","","category-noticias"],"jetpack_sharing_enabled":true,"jetpack_featured_media_url":"https:\/\/mickyandoniehn.com\/radio\/wp-content\/uploads\/2023\/03\/16128700189605-scaled-Y73Y30.jpeg","_links":{"self":[{"href":"https:\/\/mickyandoniehn.com\/radio\/wp-json\/wp\/v2\/posts\/52120","targetHints":{"allow":["GET"]}}],"collection":[{"href":"https:\/\/mickyandoniehn.com\/radio\/wp-json\/wp\/v2\/posts"}],"about":[{"href":"https:\/\/mickyandoniehn.com\/radio\/wp-json\/wp\/v2\/types\/post"}],"replies":[{"embeddable":true,"href":"https:\/\/mickyandoniehn.com\/radio\/wp-json\/wp\/v2\/comments?post=52120"}],"version-history":[{"count":0,"href":"https:\/\/mickyandoniehn.com\/radio\/wp-json\/wp\/v2\/posts\/52120\/revisions"}],"wp:featuredmedia":[{"embeddable":true,"href":"https:\/\/mickyandoniehn.com\/radio\/wp-json\/wp\/v2\/media\/52121"}],"wp:attachment":[{"href":"https:\/\/mickyandoniehn.com\/radio\/wp-json\/wp\/v2\/media?parent=52120"}],"wp:term":[{"taxonomy":"category","embeddable":true,"href":"https:\/\/mickyandoniehn.com\/radio\/wp-json\/wp\/v2\/categories?post=52120"},{"taxonomy":"post_tag","embeddable":true,"href":"https:\/\/mickyandoniehn.com\/radio\/wp-json\/wp\/v2\/tags?post=52120"}],"curies":[{"name":"wp","href":"https:\/\/api.w.org\/{rel}","templated":true}]}}