{"id":51855,"date":"2023-03-03T12:12:40","date_gmt":"2023-03-03T18:12:40","guid":{"rendered":"https:\/\/mickyandoniehn.com\/radio\/2023\/03\/03\/destinan-l50-millones-a-acelerar-investigaciones-de-delitos-ambientales\/"},"modified":"2023-03-03T12:12:40","modified_gmt":"2023-03-03T18:12:40","slug":"destinan-l50-millones-a-acelerar-investigaciones-de-delitos-ambientales","status":"publish","type":"post","link":"https:\/\/mickyandoniehn.com\/radio\/2023\/03\/03\/destinan-l50-millones-a-acelerar-investigaciones-de-delitos-ambientales\/","title":{"rendered":"Destinan L50 millones a acelerar investigaciones de delitos ambientales"},"content":{"rendered":"<p><strong>Tegucigalpa,Honduras viernes 03 marzo 2023<\/strong><\/p>\n<\/p>\n<p>La Secretar\u00eda de Recursos Naturales y Ambiente (Serna-MiAmbiente) transferir\u00e1 50 millones de lempiras a la Fiscal\u00eda Especial de Medioambiente para reforzar la investigaci\u00f3n contra los incendios y contaminaci\u00f3n de los ecosistemas.<\/p>\n<p>La operaci\u00f3n se har\u00e1 en los pr\u00f3ximos d\u00edas en v\u00edsperas de cara a la temporada de verano cuando se producen incendios provocados y la contaminaci\u00f3n que provocan algunas industrias, inform\u00f3 el titular de Serna-MiAmbiente, Lucky Medina.<\/p>\n<p>Los fondos provienen del presupuesto asignado a esta secretar\u00eda, manifest\u00f3 el funcionario: \u201cYa firmamos el convenio para transferirle 50 millones de lempiras a la Fiscal\u00eda Especial de Medioambiente y asegurar que las denuncias sean resueltas en tiempo y forma, mucho menor a lo que estamos acostumbrados con la mora judicial en el pa\u00eds\u201d.<\/p>\n<p>Coment\u00f3 que los sectores que est\u00e1n en primera l\u00ednea por los niveles de contaminaci\u00f3n est\u00e1 \u201cla industria minera que m\u00e1s denuncias recibe; tanto la miner\u00eda que est\u00e1 regulada, como los procesos de miner\u00eda que no tienen regulaci\u00f3n\u201d.<\/p>\n<div class=\"fs-dynamic\">\n<div>\n<div><\/div>\n<\/div>\n<\/div>\n<p>Los r\u00edos Guayape, Sico y Patuca, en el oriente del pa\u00eds, son los m\u00e1s afectados por la destrucci\u00f3n de sus cauces que vienen provocando los mineros artesanales donde una fuerza militar especializada est\u00e1 frenando este tipo de da\u00f1o irreversible a estos afluentes, detall\u00f3.<\/p>\n<p>\u201cTambi\u00e9n hay otras contaminaciones por quema, tanto de ca\u00f1eras recibimos algunas denuncias como tambi\u00e9n, de incendios forestales que son la mayor\u00eda y tenemos un promedio que ronda los mil incendios por a\u00f1o\u201d.<\/p>\n<p>Medina extern\u00f3 las instrucciones de la Presidenta Xiomara Castro, orientadas a proteger preventivamente los recursos naturales del pa\u00eds, que estuvieron bajo un ataque sistematizado en la \u00faltima d\u00e9cada.<\/p>\n<p>\u201cHay 171 brigadas en la regi\u00f3n central del pa\u00eds, que es donde m\u00e1s se quema para detener estos incendios\u201d, en protecci\u00f3n del medioambiente del pueblo hondure\u00f1o, puntualiz\u00f3.<\/p>\n<p><strong>Fuente: La Prensa<\/strong><\/p>\n","protected":false},"excerpt":{"rendered":"<p>Tegucigalpa,Honduras viernes 03 marzo 2023 La Secretar\u00eda de Recursos Naturales y Ambiente (Serna-MiAmbiente) transferir\u00e1 50 millones de lempiras a la Fiscal\u00eda Especial de Medioambiente para reforzar la investigaci\u00f3n contra los incendios y contaminaci\u00f3n de los ecosistemas. La operaci\u00f3n se har\u00e1 en los pr\u00f3ximos d\u00edas en v\u00edsperas de cara a la temporada de verano cuando se &hellip;<\/p>\n","protected":false},"author":0,"featured_media":51856,"comment_status":"open","ping_status":"open","sticky":false,"template":"","format":"standard","meta":{"_jetpack_memberships_contains_paid_content":false,"footnotes":""},"categories":[5],"tags":[],"class_list":["post-51855","post","type-post","status-publish","format-standard","has-post-thumbnail","","category-noticias"],"jetpack_sharing_enabled":true,"jetpack_featured_media_url":"https:\/\/mickyandoniehn.com\/radio\/wp-content\/uploads\/2023\/03\/TRANSFERENCIA-ZFACgC.jpeg","_links":{"self":[{"href":"https:\/\/mickyandoniehn.com\/radio\/wp-json\/wp\/v2\/posts\/51855","targetHints":{"allow":["GET"]}}],"collection":[{"href":"https:\/\/mickyandoniehn.com\/radio\/wp-json\/wp\/v2\/posts"}],"about":[{"href":"https:\/\/mickyandoniehn.com\/radio\/wp-json\/wp\/v2\/types\/post"}],"replies":[{"embeddable":true,"href":"https:\/\/mickyandoniehn.com\/radio\/wp-json\/wp\/v2\/comments?post=51855"}],"version-history":[{"count":0,"href":"https:\/\/mickyandoniehn.com\/radio\/wp-json\/wp\/v2\/posts\/51855\/revisions"}],"wp:featuredmedia":[{"embeddable":true,"href":"https:\/\/mickyandoniehn.com\/radio\/wp-json\/wp\/v2\/media\/51856"}],"wp:attachment":[{"href":"https:\/\/mickyandoniehn.com\/radio\/wp-json\/wp\/v2\/media?parent=51855"}],"wp:term":[{"taxonomy":"category","embeddable":true,"href":"https:\/\/mickyandoniehn.com\/radio\/wp-json\/wp\/v2\/categories?post=51855"},{"taxonomy":"post_tag","embeddable":true,"href":"https:\/\/mickyandoniehn.com\/radio\/wp-json\/wp\/v2\/tags?post=51855"}],"curies":[{"name":"wp","href":"https:\/\/api.w.org\/{rel}","templated":true}]}}