{"id":51853,"date":"2023-03-03T12:12:39","date_gmt":"2023-03-03T18:12:39","guid":{"rendered":"https:\/\/mickyandoniehn.com\/radio\/2023\/03\/03\/el-fmi-pide-un-nuevo-intento-de-consensuar-la-reestructuracion-de-la-deuda\/"},"modified":"2023-03-03T12:12:39","modified_gmt":"2023-03-03T18:12:39","slug":"el-fmi-pide-un-nuevo-intento-de-consensuar-la-reestructuracion-de-la-deuda","status":"publish","type":"post","link":"https:\/\/mickyandoniehn.com\/radio\/2023\/03\/03\/el-fmi-pide-un-nuevo-intento-de-consensuar-la-reestructuracion-de-la-deuda\/","title":{"rendered":"El FMI pide un nuevo intento de consensuar la reestructuraci\u00f3n de la deuda"},"content":{"rendered":"<p><strong>Tegucigalpa,Honduras viernes 03 marzo 2023<\/strong><\/p>\n<\/p>\n<p>El Fondo Monetario Internacional (FMI) pidi\u00f3 \u00a0a los pa\u00edses miembros del G20, a acreedores y prestatarios, que trabajen para encontrar los est\u00e1ndares comunes sobre c\u00f3mo reestructurar las deudas de los pa\u00edses en dificultad.<\/p>\n<p>En un encuentro con periodistas, la directora del Departamento de Estrategia, Pol\u00edticas y Evaluaci\u00f3n del FMI, Ceyla Pazarbasioglu, record\u00f3 que en los pr\u00f3ximos d\u00edas se celebrar\u00e1 una mesa de discusi\u00f3n previa a la Reuni\u00f3n de Ministros de Finanzas y Gobernadores de Bancos Centrales del G20 que se llevar\u00e1 a cabo del 23 al 25 de febrero en Bangalore.<\/p>\n<p>\u201cLlegar a un entendimiento com\u00fan ayudar\u00eda. La medida del \u00e9xito (del foro) ser\u00eda que todas las partes interesadas (acreedores y prestatarios) acuerden c\u00f3mo podemos alcanzar el mismo objetivo con el uso de diferentes instrumentos o diferentes metodolog\u00edas\u201d, apunt\u00f3.<\/p>\n<p>As\u00ed, el objetivo del encuentro, que ser\u00e1 copresidido por el FMI, el Banco Mundial y la India como anfitri\u00f3n del G20, ser\u00e1 \u201creunir a las partes interesadas clave, a los prestatarios, a los acreedores tanto del sector oficial como del financiero, del sector privado\u201d.<\/p>\n<div class=\"fs-dynamic\">\n<div>\n<div><\/div>\n<\/div>\n<\/div>\n<p>\u201cB\u00e1sicamente, se trata de discutir los problemas que han impedido llegar a un proceso de reestructuraci\u00f3n oportuno y las lecciones de los casos que tuvimos en el pasado reciente y encontrar soluciones t\u00e9cnicas para abordar estas deficiencias\u201d, agreg\u00f3.<\/p>\n<p>En las cumbres previas, el G20 ya intent\u00f3 tratar el tema de la reestructuraci\u00f3n de la deuda. En concreto, se podr\u00edan buscar f\u00f3rmulas como la Iniciativa Suspensi\u00f3n del Servicio de la Deuda (DSSI, por sus siglas en ingl\u00e9s), un programa creado por el Banco Mundial y el FMI con apoyo del G20 establecido en mayo de 2020, en plena pandemia, para ayudar a los pa\u00edses m\u00e1s vulnerables, y que concluy\u00f3 en diciembre de 2021.<\/p>\n<p>Los socios latinoamericanos del G20 (Argentina, M\u00e9xico y Brasil), en particular, est\u00e1n interesados en que se creen las condiciones que permitan reestructurar su deuda a largo plazo, mientras que China ha sido uno de los principales escollos para que haya habido acuerdo.<\/p>\n<p>Sin embargo, se\u00f1al\u00f3 Pazarbasioglu, el gigante asi\u00e1tico tiene \u201cel compromiso al m\u00e1s alto nivel\u201d para llegar a un consenso.<\/p>\n<div class=\"fs-dynamic\">\n<div>\n<div><\/div>\n<\/div>\n<\/div>\n<p>\u201cMe gustar\u00eda decir que tenemos una colaboraci\u00f3n muy fuerte con China. Tenemos reuniones con ellos, tenemos mecanismos de coordinaci\u00f3n, con el banco central, con el Ministerio de Finanzas, para analizar algunos de los problemas que tienen y los desaf\u00edos que enfrentan\u201d, asegur\u00f3.<\/p>\n<p><strong>Fuente: La Prensa<\/strong><\/p>\n","protected":false},"excerpt":{"rendered":"<p>Tegucigalpa,Honduras viernes 03 marzo 2023 El Fondo Monetario Internacional (FMI) pidi\u00f3 \u00a0a los pa\u00edses miembros del G20, a acreedores y prestatarios, que trabajen para encontrar los est\u00e1ndares comunes sobre c\u00f3mo reestructurar las deudas de los pa\u00edses en dificultad. En un encuentro con periodistas, la directora del Departamento de Estrategia, Pol\u00edticas y Evaluaci\u00f3n del FMI, Ceyla &hellip;<\/p>\n","protected":false},"author":0,"featured_media":51854,"comment_status":"open","ping_status":"open","sticky":false,"template":"","format":"standard","meta":{"_jetpack_memberships_contains_paid_content":false,"footnotes":""},"categories":[5],"tags":[],"class_list":["post-51853","post","type-post","status-publish","format-standard","has-post-thumbnail","","category-noticias"],"jetpack_sharing_enabled":true,"jetpack_featured_media_url":"https:\/\/mickyandoniehn.com\/radio\/wp-content\/uploads\/2023\/03\/fmi-ZQl7bU.jpeg","_links":{"self":[{"href":"https:\/\/mickyandoniehn.com\/radio\/wp-json\/wp\/v2\/posts\/51853","targetHints":{"allow":["GET"]}}],"collection":[{"href":"https:\/\/mickyandoniehn.com\/radio\/wp-json\/wp\/v2\/posts"}],"about":[{"href":"https:\/\/mickyandoniehn.com\/radio\/wp-json\/wp\/v2\/types\/post"}],"replies":[{"embeddable":true,"href":"https:\/\/mickyandoniehn.com\/radio\/wp-json\/wp\/v2\/comments?post=51853"}],"version-history":[{"count":0,"href":"https:\/\/mickyandoniehn.com\/radio\/wp-json\/wp\/v2\/posts\/51853\/revisions"}],"wp:featuredmedia":[{"embeddable":true,"href":"https:\/\/mickyandoniehn.com\/radio\/wp-json\/wp\/v2\/media\/51854"}],"wp:attachment":[{"href":"https:\/\/mickyandoniehn.com\/radio\/wp-json\/wp\/v2\/media?parent=51853"}],"wp:term":[{"taxonomy":"category","embeddable":true,"href":"https:\/\/mickyandoniehn.com\/radio\/wp-json\/wp\/v2\/categories?post=51853"},{"taxonomy":"post_tag","embeddable":true,"href":"https:\/\/mickyandoniehn.com\/radio\/wp-json\/wp\/v2\/tags?post=51853"}],"curies":[{"name":"wp","href":"https:\/\/api.w.org\/{rel}","templated":true}]}}