{"id":51851,"date":"2023-03-03T12:12:38","date_gmt":"2023-03-03T18:12:38","guid":{"rendered":"https:\/\/mickyandoniehn.com\/radio\/2023\/03\/03\/gobierno-implementara-proyecto-de-eficiencia-energetica-en-ocho-hospitales-del-pais\/"},"modified":"2023-03-03T12:12:38","modified_gmt":"2023-03-03T18:12:38","slug":"gobierno-implementara-proyecto-de-eficiencia-energetica-en-ocho-hospitales-del-pais","status":"publish","type":"post","link":"https:\/\/mickyandoniehn.com\/radio\/2023\/03\/03\/gobierno-implementara-proyecto-de-eficiencia-energetica-en-ocho-hospitales-del-pais\/","title":{"rendered":"Gobierno implementar\u00e1 proyecto de eficiencia energ\u00e9tica en ocho hospitales del pa\u00eds"},"content":{"rendered":"<p><strong>Tegucigalpa,Honduras viernes 03 marzo 2023<\/strong><\/p>\n<\/p>\n<p>Autoridades de la Secretar\u00eda de Energ\u00eda (SEN), de la Secretar\u00eda de Energ\u00eda, Recursos Naturales, Ambiente y Minas (Serna-Mi Ambiente), la Empresa Nacional de Energ\u00eda El\u00e9ctrica (ENEE), y la Secretar\u00eda de Salud (Sesal), firmaron este martes un convenio de cooperaci\u00f3n interinstitucional.<\/p>\n<p>Esto con el objetivo de unir, coordinar e implementar medidas de eficiencia energ\u00e9tica en ocho hospitales p\u00fablicos del pa\u00eds.<\/p>\n<p>El acuerdo ser\u00e1 liderado e implementado por la Secretar\u00eda de Energ\u00eda a trav\u00e9s de la Direcci\u00f3n General de Energ\u00eda Renovable y Eficiencia Energ\u00e9tica (DGEREE), bajo la cobertura del Programa de Educaci\u00f3n en Eficiencia Energ\u00e9tica (PEEE), que es financiado por el Gobierno de la Rep\u00fablica de China (Taiw\u00e1n).<\/p>\n<p>Seg\u00fan explic\u00f3 el ministro de Energ\u00eda, Erick Tejada, \u201clo que se busca con los hospitales verdes es reducir la huella ecol\u00f3gica y que este tipo de esquemas favorezcan a la descarbonizaci\u00f3n.<\/p>\n<p>Agreg\u00f3 que no solo es energ\u00eda renovable, sino que los hospitales hagan su propio autoconsumo y que no dependan de energ\u00eda inyectada al sistema de combustibles f\u00f3siles.<\/p>\n<p><a href=\"https:\/\/hondudiario.com\/wp-content\/uploads\/2023\/02\/Fo8ZvtrXwBQ9fe6.jpg\"><br \/>\nPor su parte, el titular de Mi Ambiente, Lucky Medina, destac\u00f3 que el impacto ambiental del programa ser\u00e1 positivo, porque generar\u00e1 las condiciones internas en los hospitales para trabajar con tecnolog\u00edas libres de contaminantes en el aire.<\/a><\/p>\n<p><a href=\"https:\/\/hondudiario.com\/wp-content\/uploads\/2023\/02\/Fo8ZvtrXwBQ9fe6.jpg\">\u201cLa calidad de aire es vital para disminuir enfermedades respiratorias y otorga ambiente limpio al pueblo hondure\u00f1o\u201d, a\u00f1adi\u00f3 Medina.<\/a><\/p>\n<p><a href=\"https:\/\/hondudiario.com\/wp-content\/uploads\/2023\/02\/Fo8ZvtrXwBQ9fe6.jpg\">Entre las acciones a realizar se contempla, principalmente, el cambio de iluminaci\u00f3n convencional por tecnolog\u00eda LED, la situaci\u00f3n de climatizaci\u00f3n por una m\u00e1s eficiente y amigable con el ambiente.<\/a><\/p>\n<p><a href=\"https:\/\/hondudiario.com\/wp-content\/uploads\/2023\/02\/Fo8ZvtrXwBQ9fe6.jpg\">As\u00ed como la introducci\u00f3n de energ\u00eda solar, tanto para generaci\u00f3n de energ\u00eda el\u00e9ctrica, como de agua caliente.<\/a><\/p>\n<p><a href=\"https:\/\/hondudiario.com\/wp-content\/uploads\/2023\/02\/Fo8ZvtrXwBQ9fe6.jpg\">Este convenio tambi\u00e9n servir\u00e1 como proyecto piloto con la finalidad de recabar la informaci\u00f3n necesaria para extender la iniciativa a otros centros asistenciales del pa\u00eds. <\/a><\/p>\n<p><strong>Fuente: ENTER504<\/strong><\/p>\n","protected":false},"excerpt":{"rendered":"<p>Tegucigalpa,Honduras viernes 03 marzo 2023 Autoridades de la Secretar\u00eda de Energ\u00eda (SEN), de la Secretar\u00eda de Energ\u00eda, Recursos Naturales, Ambiente y Minas (Serna-Mi Ambiente), la Empresa Nacional de Energ\u00eda El\u00e9ctrica (ENEE), y la Secretar\u00eda de Salud (Sesal), firmaron este martes un convenio de cooperaci\u00f3n interinstitucional. Esto con el objetivo de unir, coordinar e implementar medidas &hellip;<\/p>\n","protected":false},"author":0,"featured_media":51852,"comment_status":"open","ping_status":"open","sticky":false,"template":"","format":"standard","meta":{"_jetpack_memberships_contains_paid_content":false,"footnotes":""},"categories":[5],"tags":[],"class_list":["post-51851","post","type-post","status-publish","format-standard","has-post-thumbnail","","category-noticias"],"jetpack_sharing_enabled":true,"jetpack_featured_media_url":"https:\/\/mickyandoniehn.com\/radio\/wp-content\/uploads\/2023\/03\/Fo8ZvtrXwBQ9fe6-ShLCvm.jpeg","_links":{"self":[{"href":"https:\/\/mickyandoniehn.com\/radio\/wp-json\/wp\/v2\/posts\/51851","targetHints":{"allow":["GET"]}}],"collection":[{"href":"https:\/\/mickyandoniehn.com\/radio\/wp-json\/wp\/v2\/posts"}],"about":[{"href":"https:\/\/mickyandoniehn.com\/radio\/wp-json\/wp\/v2\/types\/post"}],"replies":[{"embeddable":true,"href":"https:\/\/mickyandoniehn.com\/radio\/wp-json\/wp\/v2\/comments?post=51851"}],"version-history":[{"count":0,"href":"https:\/\/mickyandoniehn.com\/radio\/wp-json\/wp\/v2\/posts\/51851\/revisions"}],"wp:featuredmedia":[{"embeddable":true,"href":"https:\/\/mickyandoniehn.com\/radio\/wp-json\/wp\/v2\/media\/51852"}],"wp:attachment":[{"href":"https:\/\/mickyandoniehn.com\/radio\/wp-json\/wp\/v2\/media?parent=51851"}],"wp:term":[{"taxonomy":"category","embeddable":true,"href":"https:\/\/mickyandoniehn.com\/radio\/wp-json\/wp\/v2\/categories?post=51851"},{"taxonomy":"post_tag","embeddable":true,"href":"https:\/\/mickyandoniehn.com\/radio\/wp-json\/wp\/v2\/tags?post=51851"}],"curies":[{"name":"wp","href":"https:\/\/api.w.org\/{rel}","templated":true}]}}