{"id":51849,"date":"2023-03-03T12:12:37","date_gmt":"2023-03-03T18:12:37","guid":{"rendered":"https:\/\/mickyandoniehn.com\/radio\/2023\/03\/03\/panorama-economico-internacional-se-ve-mas-favorable-para-honduras-en-2023-2\/"},"modified":"2023-03-03T12:12:37","modified_gmt":"2023-03-03T18:12:37","slug":"panorama-economico-internacional-se-ve-mas-favorable-para-honduras-en-2023-2","status":"publish","type":"post","link":"https:\/\/mickyandoniehn.com\/radio\/2023\/03\/03\/panorama-economico-internacional-se-ve-mas-favorable-para-honduras-en-2023-2\/","title":{"rendered":"Panorama econ\u00f3mico internacional se ve \u201cm\u00e1s favorable\u201d para Honduras en 2023"},"content":{"rendered":"<p><strong>Tegucigalpa,Honduras viernes 03 marzo 2023<\/strong><\/p>\n<\/p>\n<p>La presidenta del Banco Central (BCH), Rebeca Santos, se\u00f1al\u00f3 que la econom\u00eda hondure\u00f1a mostr\u00f3 el a\u00f1o pasado cierto grado de resiliencia a la crisis econ\u00f3mica internacional, pero el escenario para el presente a\u00f1o es \u201cm\u00e1s propicio\u201d, es decir m\u00e1s favorable.<\/p>\n<p>Santos manifest\u00f3 que los temores de recesi\u00f3n econ\u00f3mica mundial est\u00e1n desapareciendo y los pron\u00f3sticos para Honduras son mejores, en comparaci\u00f3n a las condiciones del 2022.<\/p>\n<p>\u201cLas presiones externas del 2022 nos afectaron a todos, con distintas magnitudes, pero nos afectaron a todas las econom\u00edas del planeta, y que es lo que ha evidenciado una econom\u00eda peque\u00f1a como es la econom\u00eda hondure\u00f1a\u201d, dijo.<\/p>\n<p>La funcionaria destac\u00f3 que a pesar de todos estos choques externos y el alto deterioro institucional con alta deuda externa e interna con que \u201cse recibieron\u201d las finanzas del pa\u00eds, \u201chemos logrado impulsar una serie de acciones\u201d.<\/p>\n<p><a href=\"https:\/\/hondudiario.com\/wp-content\/uploads\/2021\/02\/WhatsApp-Image-2021-02-01-at-6.00.02-PM.jpeg\">Las acciones tomadas permitieron \u201cdarle cierta estabilidad a la din\u00e1mica de crecimiento de la econom\u00eda, eso nos permite registrar un cierre de crecimiento, muy por encima a lo que hab\u00edan pronosticado organismos internacionales\u201d, mayor al 4.2 por ciento, seg\u00fan plante\u00f3.<\/a><\/p>\n<p><a href=\"https:\/\/hondudiario.com\/wp-content\/uploads\/2021\/02\/WhatsApp-Image-2021-02-01-at-6.00.02-PM.jpeg\">Este crecimiento, si bien es cierto, es insuficiente para reducir la pobreza, es importante destacarlo porque se produjo en medio de crisis econ\u00f3micas internacionales por la pandemia, la guerra ruso ucraniana y los elevados precios de los combustibles y las materias primas, ahond\u00f3.<\/a><\/p>\n<p><a href=\"https:\/\/hondudiario.com\/wp-content\/uploads\/2021\/02\/WhatsApp-Image-2021-02-01-at-6.00.02-PM.jpeg\">La presidenta del BCH reconoci\u00f3 que se requiere crecer m\u00e1s para impactar en la disminuci\u00f3n de la pobreza, pero \u201clas condiciones externas nos impactan directamente y lo que se tiene previsto para el 2023, pues el entorno internacional es m\u00e1s propicio\u201d.<\/a><\/p>\n<p><a href=\"https:\/\/hondudiario.com\/wp-content\/uploads\/2021\/02\/WhatsApp-Image-2021-02-01-at-6.00.02-PM.jpeg\">La proyecci\u00f3n est\u00e1 basada en que \u201cya no se est\u00e1 hablando de recesiones, se est\u00e1 hablando de bajos crecimientos, pero que todav\u00eda son importantes en t\u00e9rminos de empleo\u201d.<\/a><\/p>\n<p><a href=\"https:\/\/hondudiario.com\/wp-content\/uploads\/2021\/02\/WhatsApp-Image-2021-02-01-at-6.00.02-PM.jpeg\">A nivel interno, se tienen presupuestados m\u00e1s de 70 mil millones de lempiras en inversi\u00f3n p\u00fablica, principalmente, en el sector construcci\u00f3n que es din\u00e1mico en generaci\u00f3n de empleos, anticip\u00f3.<\/a><\/p>\n<p><strong>Fuente: ENTER504<\/strong><\/p>\n","protected":false},"excerpt":{"rendered":"<p>Tegucigalpa,Honduras viernes 03 marzo 2023 La presidenta del Banco Central (BCH), Rebeca Santos, se\u00f1al\u00f3 que la econom\u00eda hondure\u00f1a mostr\u00f3 el a\u00f1o pasado cierto grado de resiliencia a la crisis econ\u00f3mica internacional, pero el escenario para el presente a\u00f1o es \u201cm\u00e1s propicio\u201d, es decir m\u00e1s favorable. Santos manifest\u00f3 que los temores de recesi\u00f3n econ\u00f3mica mundial est\u00e1n &hellip;<\/p>\n","protected":false},"author":0,"featured_media":51850,"comment_status":"open","ping_status":"open","sticky":false,"template":"","format":"standard","meta":{"_jetpack_memberships_contains_paid_content":false,"footnotes":""},"categories":[5],"tags":[],"class_list":["post-51849","post","type-post","status-publish","format-standard","has-post-thumbnail","","category-noticias"],"jetpack_sharing_enabled":true,"jetpack_featured_media_url":"https:\/\/mickyandoniehn.com\/radio\/wp-content\/uploads\/2023\/03\/WhatsApp-Image-2021-02-01-at-6.00.02-PM-abF6Sc.jpeg","_links":{"self":[{"href":"https:\/\/mickyandoniehn.com\/radio\/wp-json\/wp\/v2\/posts\/51849","targetHints":{"allow":["GET"]}}],"collection":[{"href":"https:\/\/mickyandoniehn.com\/radio\/wp-json\/wp\/v2\/posts"}],"about":[{"href":"https:\/\/mickyandoniehn.com\/radio\/wp-json\/wp\/v2\/types\/post"}],"replies":[{"embeddable":true,"href":"https:\/\/mickyandoniehn.com\/radio\/wp-json\/wp\/v2\/comments?post=51849"}],"version-history":[{"count":0,"href":"https:\/\/mickyandoniehn.com\/radio\/wp-json\/wp\/v2\/posts\/51849\/revisions"}],"wp:featuredmedia":[{"embeddable":true,"href":"https:\/\/mickyandoniehn.com\/radio\/wp-json\/wp\/v2\/media\/51850"}],"wp:attachment":[{"href":"https:\/\/mickyandoniehn.com\/radio\/wp-json\/wp\/v2\/media?parent=51849"}],"wp:term":[{"taxonomy":"category","embeddable":true,"href":"https:\/\/mickyandoniehn.com\/radio\/wp-json\/wp\/v2\/categories?post=51849"},{"taxonomy":"post_tag","embeddable":true,"href":"https:\/\/mickyandoniehn.com\/radio\/wp-json\/wp\/v2\/tags?post=51849"}],"curies":[{"name":"wp","href":"https:\/\/api.w.org\/{rel}","templated":true}]}}