{"id":51845,"date":"2023-03-03T12:12:35","date_gmt":"2023-03-03T18:12:35","guid":{"rendered":"https:\/\/mickyandoniehn.com\/radio\/2023\/03\/03\/diego-rodriguez-y-colombiano-montoya-bajas-azules\/"},"modified":"2023-03-03T12:12:35","modified_gmt":"2023-03-03T18:12:35","slug":"diego-rodriguez-y-colombiano-montoya-bajas-azules","status":"publish","type":"post","link":"https:\/\/mickyandoniehn.com\/radio\/2023\/03\/03\/diego-rodriguez-y-colombiano-montoya-bajas-azules\/","title":{"rendered":"Diego Rodr\u00edguez y colombiano Montoya, bajas \u00abazules\u00bb"},"content":{"rendered":"<\/p>\n<p>El F\u00fatbol Club Motagua se alista para viajar a San Pedro Sula para disputar el cl\u00e1sico de la jornada 11 del Clausura 2022-2023 ante Real Espa\u00f1a, pero viaja con dos bajas sensibles.<\/p>\n<p>Tanto el colombiano Santiago Montoya como Diego Rodr\u00edguez, han tenido problemas musculares por lo que no ser\u00e1n de la partida ante Real Espa\u00f1a.<\/p>\n<p>Se desconoce cuanto tiempo estar\u00e1n fuera de las canchas, pero es casi seguro que tampoco estar\u00e1n ante Pachuca, por lo que ya el cuerpo m\u00e9dico trabaja para habilitarlos lo m\u00e1s pronto posible.<\/p>\n<p>El caso de Rodr\u00edguez es lamentable, ya que ven\u00eda siendo titilar en el equipo, mientras Montoya mostr\u00f3 destellos en los pocos partidos que ha jugado.<\/p>\n<p>El que si estar\u00e1 apto para volver es el lateral Kevin \u00c1lvarez, quien explic\u00f3 ayer que estaba recuperado, pero, decisi\u00f3n sio juega o no es de Ninrod Medina, quien podr\u00eda guardarlo para el choque internacional ante el Pachuca en la Champions Concacaf.\u00a0<strong>(GG)<\/strong><\/p>\n<p><strong>Fuente: diariomas.hn<\/strong><\/p>\n","protected":false},"excerpt":{"rendered":"<p>El F\u00fatbol Club Motagua se alista para viajar a San Pedro Sula para disputar el cl\u00e1sico de la jornada 11 del Clausura 2022-2023 ante Real Espa\u00f1a, pero viaja con dos bajas sensibles. Tanto el colombiano Santiago Montoya como Diego Rodr\u00edguez, han tenido problemas musculares por lo que no ser\u00e1n de la partida ante Real Espa\u00f1a. &hellip;<\/p>\n","protected":false},"author":0,"featured_media":51846,"comment_status":"open","ping_status":"open","sticky":false,"template":"","format":"standard","meta":{"_jetpack_memberships_contains_paid_content":false,"footnotes":""},"categories":[5],"tags":[],"class_list":["post-51845","post","type-post","status-publish","format-standard","has-post-thumbnail","","category-noticias"],"jetpack_sharing_enabled":true,"jetpack_featured_media_url":"https:\/\/mickyandoniehn.com\/radio\/wp-content\/uploads\/2023\/03\/bajas-azules-e1677814057287-5fEOVL.jpeg","_links":{"self":[{"href":"https:\/\/mickyandoniehn.com\/radio\/wp-json\/wp\/v2\/posts\/51845","targetHints":{"allow":["GET"]}}],"collection":[{"href":"https:\/\/mickyandoniehn.com\/radio\/wp-json\/wp\/v2\/posts"}],"about":[{"href":"https:\/\/mickyandoniehn.com\/radio\/wp-json\/wp\/v2\/types\/post"}],"replies":[{"embeddable":true,"href":"https:\/\/mickyandoniehn.com\/radio\/wp-json\/wp\/v2\/comments?post=51845"}],"version-history":[{"count":0,"href":"https:\/\/mickyandoniehn.com\/radio\/wp-json\/wp\/v2\/posts\/51845\/revisions"}],"wp:featuredmedia":[{"embeddable":true,"href":"https:\/\/mickyandoniehn.com\/radio\/wp-json\/wp\/v2\/media\/51846"}],"wp:attachment":[{"href":"https:\/\/mickyandoniehn.com\/radio\/wp-json\/wp\/v2\/media?parent=51845"}],"wp:term":[{"taxonomy":"category","embeddable":true,"href":"https:\/\/mickyandoniehn.com\/radio\/wp-json\/wp\/v2\/categories?post=51845"},{"taxonomy":"post_tag","embeddable":true,"href":"https:\/\/mickyandoniehn.com\/radio\/wp-json\/wp\/v2\/tags?post=51845"}],"curies":[{"name":"wp","href":"https:\/\/api.w.org\/{rel}","templated":true}]}}