{"id":51843,"date":"2023-03-03T12:12:34","date_gmt":"2023-03-03T18:12:34","guid":{"rendered":"https:\/\/mickyandoniehn.com\/radio\/2023\/03\/03\/messi-y-di-maria-encabezan-lista-de-argentina-para-enfrentar-a-panama\/"},"modified":"2023-03-03T12:12:34","modified_gmt":"2023-03-03T18:12:34","slug":"messi-y-di-maria-encabezan-lista-de-argentina-para-enfrentar-a-panama","status":"publish","type":"post","link":"https:\/\/mickyandoniehn.com\/radio\/2023\/03\/03\/messi-y-di-maria-encabezan-lista-de-argentina-para-enfrentar-a-panama\/","title":{"rendered":"Messi y Di Mar\u00eda encabezan lista de Argentina para enfrentar a Panam\u00e1"},"content":{"rendered":"<\/p>\n<p>Lionel Messi, \u00c1ngel Di Mar\u00eda y Rodrigo De Paul, son los futbolistas que encabezan la lista de convocados de la selecci\u00f3n argentina para los amistosos ante Panam\u00e1 y Curazao los pr\u00f3ximos 23 y 28 de marzo, respectivamente, que supondr\u00e1n la reaparici\u00f3n de la Albiceleste ante su p\u00fablico ya como campeona del mundo.<\/p>\n<p>El listado de 35 jugadores confeccionado por el entrenador del combinado nacional, Lionel Scaloni, combina figuras consagradas con otras j\u00f3venes promesas, como son M\u00e1ximo Perrone (20 a\u00f1os), Valent\u00edn Carboni (17) o Alejandro Garnacho (18).<\/p>\n<p>La presencia de este \u00faltimo, nacido en Madrid y que integr\u00f3 la selecci\u00f3n espa\u00f1ola sub 17, confirma su buen estado de forma, precisamente en una semana en que un gol suyo permiti\u00f3 el paso del Manchester United a cuartos de final de la Copa de Inglaterra.<\/p>\n<p>Tambi\u00e9n incluye varios nombres que se perdieron el Mundial de Qatar 2022 por lesi\u00f3n, entre ellos el centrocampista Giovani Lo Celso y el extremo Nicol\u00e1s Gonz\u00e1lez.<\/p>\n<p>La convocatoria re\u00fane a los 26 jugadores que alzaron la Copa del Mundo el pasado 18 de diciembre, tras imponerse a Francia en la tanda de penaltis.<\/p>\n<p>La Asociaci\u00f3n del F\u00fatbol Argentino (AFA) anunci\u00f3 este jueves que la Albiceleste recibir\u00e1 a Panam\u00e1 el 23 de marzo en Buenos Aires y el 28 se enfrentar\u00e1 a Curazao en la ciudad m\u00e1s antigua del pa\u00eds, Santiago del Estero, pese a que se hab\u00eda hablado de la posibilidad de que este encuentro se jugara en C\u00f3rdoba.<\/p>\n<p>\u00abEl equipo de @lioscaloni jugar\u00e1 el 23\/03 en el estadio Monumental (con aforo de m\u00e1s de 80.000 espectadores) y el 28\/03 en el Madre de Ciudades de Santiago del Estero (con capacidad para 30.000 personas)\u00bb, public\u00f3 este jueves la cuenta oficial de la selecci\u00f3n.<\/p>\n<p>El anuncio de los amistosos se dio despu\u00e9s de que el lunes pasado se confirmara la continuidad de Lionel Scaloni como director t\u00e9cnico de la Albiceleste hasta 2026.<\/p>\n<p>\u2014 Lista de 35 seleccionados de Argentina, es la siguiente:<\/p>\n<p>\u2013 Porteros: Emiliano Mart\u00ednez (Aston Villa, GBR), Franco Armani (River Plate, ARG), Ger\u00f3nimo Rulli (Ajax, NED).<\/p>\n<p>\u2013 Defensas: Nahuel Molina (Atl\u00e9tico de Madrid, ESP), Cristian Romero (Tottenham, GBR), Nicol\u00e1s Otamendi (Benfica, POR), Nicol\u00e1s Tagliafico (Olympique Lyon, FRA), Gonzalo Montiel (Sevilla, ESP), Germ\u00e1n Pezzella (Betis, ESP), Lisandro Mart\u00ednez (Manchester United, GBR), Marcos Acu\u00f1a (Sevilla, ESP), Juan Foyth (Villarreal, ESP), Lautaro Blanco (Elche, ESP), Nehu\u00e9n P\u00e9rez (Udinese, ITA).<\/p>\n<p>\u2013 Centrocampistas: Rodrigo De Paul (Atl\u00e9tico de Madrid, ESP), Leandro Paredes (Juventus, ITA), Guido Rodr\u00edguez (Betis, ESP), Alejandro \u2018Papu\u2019 G\u00f3mez (Sevilla, ESP), Alexis Mac Allister (Brighton, GBR), Exequiel Palacios (Bayer Leverkusen, GER), Enzo Fern\u00e1ndez (Chelsea, GBR), M\u00e1ximo Perrone (Manchester City, GBR), Facundo Buonanotte (Brighton, GBR), Giovani Lo Celso (Villarreal, ESP), Thiago Almada (Atlanta United, USA), Valent\u00edn Carboni (Inter Mil\u00e1n, ITA).<\/p>\n<p>\u2013 Delanteros: Lionel Messi (PSG, FRA), Lautaro Mart\u00ednez (Inter Mil\u00e1n, ITA), \u00c1ngel Di Mar\u00eda (Juventus, ITA), Alejandro Garnacho (Manchester United, GBR), \u00c1ngel Correa (Atl\u00e9tico de Madrid, ESP), Nicol\u00e1s Gonz\u00e1lez (Fiorentina, ITA), Juli\u00e1n \u00c1lvarez (Manchester City, GBR), Paulo Dybala (Roma, ITA), Emiliano Buend\u00eda (Aston Villa, GBR). EFE<\/p>\n<p>Los llamados:<\/p>\n<\/p>\n<p><strong>Fuente: diariomas.hn<\/strong><\/p>\n<p>\u00a0<\/p>\n","protected":false},"excerpt":{"rendered":"<p>Lionel Messi, \u00c1ngel Di Mar\u00eda y Rodrigo De Paul, son los futbolistas que encabezan la lista de convocados de la selecci\u00f3n argentina para los amistosos ante Panam\u00e1 y Curazao los pr\u00f3ximos 23 y 28 de marzo, respectivamente, que supondr\u00e1n la reaparici\u00f3n de la Albiceleste ante su p\u00fablico ya como campeona del mundo. El listado de &hellip;<\/p>\n","protected":false},"author":0,"featured_media":51844,"comment_status":"open","ping_status":"open","sticky":false,"template":"","format":"standard","meta":{"_jetpack_memberships_contains_paid_content":false,"footnotes":""},"categories":[5],"tags":[],"class_list":["post-51843","post","type-post","status-publish","format-standard","has-post-thumbnail","","category-noticias"],"jetpack_sharing_enabled":true,"jetpack_featured_media_url":"https:\/\/mickyandoniehn.com\/radio\/wp-content\/uploads\/2023\/03\/messi-poker-xNysgq.jpeg","_links":{"self":[{"href":"https:\/\/mickyandoniehn.com\/radio\/wp-json\/wp\/v2\/posts\/51843","targetHints":{"allow":["GET"]}}],"collection":[{"href":"https:\/\/mickyandoniehn.com\/radio\/wp-json\/wp\/v2\/posts"}],"about":[{"href":"https:\/\/mickyandoniehn.com\/radio\/wp-json\/wp\/v2\/types\/post"}],"replies":[{"embeddable":true,"href":"https:\/\/mickyandoniehn.com\/radio\/wp-json\/wp\/v2\/comments?post=51843"}],"version-history":[{"count":0,"href":"https:\/\/mickyandoniehn.com\/radio\/wp-json\/wp\/v2\/posts\/51843\/revisions"}],"wp:featuredmedia":[{"embeddable":true,"href":"https:\/\/mickyandoniehn.com\/radio\/wp-json\/wp\/v2\/media\/51844"}],"wp:attachment":[{"href":"https:\/\/mickyandoniehn.com\/radio\/wp-json\/wp\/v2\/media?parent=51843"}],"wp:term":[{"taxonomy":"category","embeddable":true,"href":"https:\/\/mickyandoniehn.com\/radio\/wp-json\/wp\/v2\/categories?post=51843"},{"taxonomy":"post_tag","embeddable":true,"href":"https:\/\/mickyandoniehn.com\/radio\/wp-json\/wp\/v2\/tags?post=51843"}],"curies":[{"name":"wp","href":"https:\/\/api.w.org\/{rel}","templated":true}]}}