{"id":51831,"date":"2023-03-03T11:12:32","date_gmt":"2023-03-03T17:12:32","guid":{"rendered":"http:\/\/mickyandoniehn.com\/radio\/2023\/03\/03\/notre-dame-una-historia-de-restauraciones-del-siglo-xii-al-incendio-de-2019\/"},"modified":"2023-03-03T11:12:32","modified_gmt":"2023-03-03T17:12:32","slug":"notre-dame-una-historia-de-restauraciones-del-siglo-xii-al-incendio-de-2019","status":"publish","type":"post","link":"https:\/\/mickyandoniehn.com\/radio\/2023\/03\/03\/notre-dame-una-historia-de-restauraciones-del-siglo-xii-al-incendio-de-2019\/","title":{"rendered":"Notre Dame, una historia de restauraciones del siglo XII al incendio de 2019"},"content":{"rendered":"<p><strong>Tegucigalpa,Honduras viernes 03 marzo 2023<\/strong><\/p>\n<\/p>\n<p>Antes de la reapertura de Notre-Dame en 2024, una nueva exposici\u00f3n recorre en Par\u00eds los m\u00e1s de ocho siglos de historia de la catedral de Par\u00eds, desde sus inicios a la reparaci\u00f3n de los da\u00f1os del incendio de 2019, que es la \u00faltima pero no la \u00fanica reconstrucci\u00f3n en los anales del famoso templo.<\/p>\n<p>Icono del patrimonio franc\u00e9s y uno de los edificios m\u00e1s visitados de la capital, la importancia de la catedral fue evidente \u00aben el momento del incendio, cuando se vieron las reacciones de emoci\u00f3n, de movilizaci\u00f3n y atenci\u00f3n en Francia y en el mundo entero\u00bb, explica a EFE Isabelle Marquette, conservadora y comisaria de esta muestra, titulada \u00abDe los constructores a los restauradores\u00bb.<\/p>\n<p>El fuego de aquel 15 de abril, adem\u00e1s de suponer \u00abun gran shock emocional\u00bb, seg\u00fan Marquette, destruy\u00f3 componentes emblem\u00e1ticos del edificio, como la aguja central o las obras de carpinter\u00eda.<\/p>\n<p>Durante entonces, esos elementos se han ido reconstruyendo para presentar en 2024 una Notre Dame reconstruida de forma casi id\u00e9ntica a la \u00faltima versi\u00f3n que conoci\u00f3 el p\u00fablico.<\/p>\n<p>Pero antes de esa gran reapertura, a partir de este 15 de febrero, la Ciudad de la Arquitectura y el Patrimonio de Par\u00eds propone, adem\u00e1s de un repaso a la historia de este templo junto al Sena, una oportunidad para admirar esculturas, frescos y vitrinas que en alg\u00fan momento formaron parte de Notre Dame.<\/p>\n<h2><strong>LA CATEDRAL DE VICTOR HUGO<\/strong><\/h2>\n<p>Edificada en el siglo XII, la aparici\u00f3n de Notre Dame es en s\u00ed misma una reconstrucci\u00f3n de una iglesia anterior, la bas\u00edlica de Saint-Etienne, un trabajo iniciado por el obispo Maurice de Sully que buscaba dotar al edificio de \u00abun estilo nuevo y po\u00e9tico\u00bb, cuenta Marquette.<\/p>\n<p>La primera versi\u00f3n de esta Notre Dame se termina a mediados del siglo XIII, con el emplazamiento de \u00abla flecha\u00bb (la aguja), pero no sin haber sufrido diversas modificaciones en el proceso, como el cambio de tama\u00f1o de las ventanas para darle m\u00e1s luminosidad.<\/p>\n<p>Siglos despu\u00e9s, la destrucci\u00f3n ocasionada por la Revoluci\u00f3n Francesa (1789) dej\u00f3 a la catedral en un estado ruinoso y el edificio fue perdiendo estatuas, que desaparecieron; piezas de metal, que fueron fundidas; y hasta la caracter\u00edstica aguja tuvo que ser desmantelada a riesgo de que colapsara.<\/p>\n<p>En este estado la conocer\u00e1 Victor Hugo, que en 1831 publica su novela \u00abNotre Dame de Paris\u00bb, un \u00abs\u00edmbolo de la toma de conciencia patrimonial\u00bb, se\u00f1ala Marquette, con la que Francia comienza a interesarse en la protecci\u00f3n de sus bienes culturales.<\/p>\n<p>El peligro que corr\u00eda la catedral conmovi\u00f3 a un gran n\u00famero de intelectuales, entre ellos el pintor Jean Auguste Dominique Ingres o el propio Victor Hugo, que se unen a una petici\u00f3n para salvar el monumento, un grito de auxilio que llev\u00f3 al Estado franc\u00e9s a lanzar un concurso p\u00fablico para su restauraci\u00f3n.<\/p>\n<p>Fue un trabajo de 20 a\u00f1os que se encarg\u00f3 a los arquitectos Jean-Baptiste Lassus y Eug\u00e8ne Viollet-le-Duc, empe\u00f1ados en \u00abrecrear un monumento ideal de la Edad Media\u00bb que incluir\u00e1 la reinstauraci\u00f3n de la aguja central, con un dise\u00f1o m\u00e1s esbelto y ornamentado que el conocido anteriormente.<\/p>\n<h2><strong>C\u00d3MO RESTAURAR NOTRE DAME<\/strong><\/h2>\n<p>El sino de las reconstrucciones volvi\u00f3 a Notre Dame tras el incendio de abril de 2019, y abri\u00f3 un debate sobre c\u00f3mo reparar la catedral: \u00bfmoderniz\u00e1ndola o imitando lo que se hab\u00eda perdido?<\/p>\n<p>El proyecto final, aprobado por unanimidad por la Comisi\u00f3n Nacional de Patrimonio y Arquitectura francesa, opt\u00f3 por restaurar el edificio a su aspecto medieval.<\/p>\n<p>Utiliza, por tanto, los materiales originales de la catedral (piedra para las b\u00f3vedas, madera de roble para las obras de carpinter\u00eda y plomo para las coberturas ornamentales) y los dise\u00f1os originales de Viollet-le-Duc para la aguja central, siguiendo la imagen g\u00f3tica de Notre Dame.<\/p>\n<p>La exposici\u00f3n de la Ciudad de la Arquitectura y el Patrimonio de Par\u00eds evoca tambi\u00e9n este \u00faltimo cap\u00edtulo de la historia de la catedral, con un repaso al monumental trabajo realizado en los \u00faltimos tres a\u00f1os por ebanistas, restauradores, herreros y otros artesanos, acompa\u00f1ados por un equipo cient\u00edfico de investigadores para ampliar el conocimiento que ya se ten\u00eda de la catedral.<\/p>\n<p>\u00abDe los constructores a los restauradores\u00bb incluye, asimismo, esculturas, vitrinas y cuadros que ya han sido restaurados -y que volver\u00e1n a Notre Dame en 2024-, junto a partes del \u00f3rgano, que aun espera a ser remontado y armonizado a inicios del pr\u00f3ximo a\u00f1o.<\/p>\n<p>Igualmente, la muestra incluye piezas de la catedral que estaban almacenadas fuera del recinto, planos antiguos de los arquitectos y hasta ejemplos de los monos de protecci\u00f3n que se usan en las obras actuales.<\/p>\n<p><strong>Fuente: La Prensa<\/strong><\/p>\n","protected":false},"excerpt":{"rendered":"<p>Tegucigalpa,Honduras viernes 03 marzo 2023 Antes de la reapertura de Notre-Dame en 2024, una nueva exposici\u00f3n recorre en Par\u00eds los m\u00e1s de ocho siglos de historia de la catedral de Par\u00eds, desde sus inicios a la reparaci\u00f3n de los da\u00f1os del incendio de 2019, que es la \u00faltima pero no la \u00fanica reconstrucci\u00f3n en los &hellip;<\/p>\n","protected":false},"author":0,"featured_media":51832,"comment_status":"open","ping_status":"open","sticky":false,"template":"","format":"standard","meta":{"_jetpack_memberships_contains_paid_content":false,"footnotes":""},"categories":[5],"tags":[],"class_list":["post-51831","post","type-post","status-publish","format-standard","has-post-thumbnail","","category-noticias"],"jetpack_sharing_enabled":true,"jetpack_featured_media_url":"https:\/\/mickyandoniehn.com\/radio\/wp-content\/uploads\/2023\/03\/noter-696x464-1-dlqflU.jpeg","_links":{"self":[{"href":"https:\/\/mickyandoniehn.com\/radio\/wp-json\/wp\/v2\/posts\/51831","targetHints":{"allow":["GET"]}}],"collection":[{"href":"https:\/\/mickyandoniehn.com\/radio\/wp-json\/wp\/v2\/posts"}],"about":[{"href":"https:\/\/mickyandoniehn.com\/radio\/wp-json\/wp\/v2\/types\/post"}],"replies":[{"embeddable":true,"href":"https:\/\/mickyandoniehn.com\/radio\/wp-json\/wp\/v2\/comments?post=51831"}],"version-history":[{"count":0,"href":"https:\/\/mickyandoniehn.com\/radio\/wp-json\/wp\/v2\/posts\/51831\/revisions"}],"wp:featuredmedia":[{"embeddable":true,"href":"https:\/\/mickyandoniehn.com\/radio\/wp-json\/wp\/v2\/media\/51832"}],"wp:attachment":[{"href":"https:\/\/mickyandoniehn.com\/radio\/wp-json\/wp\/v2\/media?parent=51831"}],"wp:term":[{"taxonomy":"category","embeddable":true,"href":"https:\/\/mickyandoniehn.com\/radio\/wp-json\/wp\/v2\/categories?post=51831"},{"taxonomy":"post_tag","embeddable":true,"href":"https:\/\/mickyandoniehn.com\/radio\/wp-json\/wp\/v2\/tags?post=51831"}],"curies":[{"name":"wp","href":"https:\/\/api.w.org\/{rel}","templated":true}]}}